{"id":1405,"date":"2021-01-20T09:32:31","date_gmt":"2021-01-20T09:32:31","guid":{"rendered":"https:\/\/valueproject.eu\/resultados-del-evento-transformacion-digital-en-salud-hacia-una-atencion-de-alto-valor\/"},"modified":"2021-01-25T16:08:58","modified_gmt":"2021-01-25T16:08:58","slug":"resultados-del-evento-transformacion-digital-en-salud-hacia-una-atencion-de-alto-valor","status":"publish","type":"post","link":"https:\/\/valueproject.eu\/es\/resultados-del-evento-transformacion-digital-en-salud-hacia-una-atencion-de-alto-valor\/","title":{"rendered":"Resultados del evento Transformaci\u00f3n Digital en Salud, hacia una atenci\u00f3n de alto valor"},"content":{"rendered":"\t\t<div data-elementor-type=\"wp-post\" data-elementor-id=\"1405\" class=\"elementor elementor-1405 elementor-1291\">\n\t\t\t\t\t\t<section class=\"elementor-section elementor-top-section elementor-element elementor-element-303b015 elementor-section-boxed elementor-section-height-default elementor-section-height-default\" data-id=\"303b015\" data-element_type=\"section\" data-settings=\"{&quot;jet_parallax_layout_list&quot;:[{&quot;jet_parallax_layout_image&quot;:{&quot;url&quot;:&quot;&quot;,&quot;id&quot;:&quot;&quot;,&quot;size&quot;:&quot;&quot;},&quot;_id&quot;:&quot;418172b&quot;,&quot;jet_parallax_layout_image_tablet&quot;:{&quot;url&quot;:&quot;&quot;,&quot;id&quot;:&quot;&quot;,&quot;size&quot;:&quot;&quot;},&quot;jet_parallax_layout_image_mobile&quot;:{&quot;url&quot;:&quot;&quot;,&quot;id&quot;:&quot;&quot;,&quot;size&quot;:&quot;&quot;},&quot;jet_parallax_layout_speed&quot;:{&quot;unit&quot;:&quot;%&quot;,&quot;size&quot;:50,&quot;sizes&quot;:[]},&quot;jet_parallax_layout_type&quot;:&quot;scroll&quot;,&quot;jet_parallax_layout_direction&quot;:null,&quot;jet_parallax_layout_fx_direction&quot;:null,&quot;jet_parallax_layout_z_index&quot;:&quot;&quot;,&quot;jet_parallax_layout_bg_x&quot;:50,&quot;jet_parallax_layout_bg_x_tablet&quot;:&quot;&quot;,&quot;jet_parallax_layout_bg_x_mobile&quot;:&quot;&quot;,&quot;jet_parallax_layout_bg_y&quot;:50,&quot;jet_parallax_layout_bg_y_tablet&quot;:&quot;&quot;,&quot;jet_parallax_layout_bg_y_mobile&quot;:&quot;&quot;,&quot;jet_parallax_layout_bg_size&quot;:&quot;auto&quot;,&quot;jet_parallax_layout_bg_size_tablet&quot;:&quot;&quot;,&quot;jet_parallax_layout_bg_size_mobile&quot;:&quot;&quot;,&quot;jet_parallax_layout_animation_prop&quot;:&quot;transform&quot;,&quot;jet_parallax_layout_on&quot;:[&quot;desktop&quot;,&quot;tablet&quot;]}]}\">\n\t\t\t\t\t\t<div class=\"elementor-container elementor-column-gap-default\">\n\t\t\t\t\t<div class=\"elementor-column elementor-col-66 elementor-top-column elementor-element elementor-element-8605e9e\" data-id=\"8605e9e\" data-element_type=\"column\">\n\t\t\t<div class=\"elementor-widget-wrap elementor-element-populated\">\n\t\t\t\t\t\t<div class=\"elementor-element elementor-element-34a239c elementor-widget__width-auto elementor-absolute elementor-widget elementor-widget-image\" data-id=\"34a239c\" data-element_type=\"widget\" data-settings=\"{&quot;_position&quot;:&quot;absolute&quot;}\" data-widget_type=\"image.default\">\n\t\t\t\t<div class=\"elementor-widget-container\">\n\t\t\t\t\t\t\t\t\t\t\t\t\t<img fetchpriority=\"high\" decoding=\"async\" width=\"1024\" height=\"542\" src=\"https:\/\/i0.wp.com\/valueproject.eu\/wp-content\/uploads\/2020\/12\/IC_room.png?fit=1024%2C542&amp;ssl=1\" class=\"attachment-large size-large wp-image-1320\" alt=\"Taller con pacientes con insuficiencia card\u00edaca\" srcset=\"https:\/\/i0.wp.com\/valueproject.eu\/wp-content\/uploads\/2020\/12\/IC_room.png?w=1913&amp;ssl=1 1913w, https:\/\/i0.wp.com\/valueproject.eu\/wp-content\/uploads\/2020\/12\/IC_room.png?resize=300%2C159&amp;ssl=1 300w, https:\/\/i0.wp.com\/valueproject.eu\/wp-content\/uploads\/2020\/12\/IC_room.png?resize=1024%2C542&amp;ssl=1 1024w, https:\/\/i0.wp.com\/valueproject.eu\/wp-content\/uploads\/2020\/12\/IC_room.png?resize=768%2C407&amp;ssl=1 768w, https:\/\/i0.wp.com\/valueproject.eu\/wp-content\/uploads\/2020\/12\/IC_room.png?resize=1536%2C813&amp;ssl=1 1536w, https:\/\/i0.wp.com\/valueproject.eu\/wp-content\/uploads\/2020\/12\/IC_room.png?resize=800%2C424&amp;ssl=1 800w\" sizes=\"(max-width: 1000px) 100vw, 1000px\" \/>\t\t\t\t\t\t\t\t\t\t\t\t\t<\/div>\n\t\t\t\t<\/div>\n\t\t\t\t\t<\/div>\n\t\t<\/div>\n\t\t\t\t<div class=\"elementor-column elementor-col-33 elementor-top-column elementor-element elementor-element-5707a32\" data-id=\"5707a32\" data-element_type=\"column\">\n\t\t\t<div class=\"elementor-widget-wrap elementor-element-populated\">\n\t\t\t\t\t\t<div class=\"elementor-element elementor-element-d440e16 elementor-widget elementor-widget-text-editor\" data-id=\"d440e16\" data-element_type=\"widget\" data-widget_type=\"text-editor.default\">\n\t\t\t\t<div class=\"elementor-widget-container\">\n\t\t\t\t\t\t\t<p>El evento online ha sido un \u00e9xito, con la asistencia de m\u00e1s de 40 personas. Eva Aur\u00edn, directora de Investigaci\u00f3n y eSalud del Hospital Vall d&#8217;Hebron, abr\u00eda este evento con una charla sobre el proyecto VALUE, seguido por una inspiradora presentaci\u00f3n sobre el viaje hacia el futuro de la salud centrada en el valor para el paciente, de la mano de nuestro orador principal, Juan Luis Cruz Berm\u00fadez, CIO Hospital Universitario 12 que ha sido el punto de partida del evento.<\/p>\t\t\t\t\t\t<\/div>\n\t\t\t\t<\/div>\n\t\t\t\t\t<\/div>\n\t\t<\/div>\n\t\t\t\t\t<\/div>\n\t\t<\/section>\n\t\t\t\t<section class=\"elementor-section elementor-top-section elementor-element elementor-element-acafa6c elementor-section-boxed elementor-section-height-default elementor-section-height-default\" data-id=\"acafa6c\" data-element_type=\"section\" data-settings=\"{&quot;jet_parallax_layout_list&quot;:[{&quot;jet_parallax_layout_image&quot;:{&quot;url&quot;:&quot;&quot;,&quot;id&quot;:&quot;&quot;,&quot;size&quot;:&quot;&quot;},&quot;_id&quot;:&quot;aaf05f9&quot;,&quot;jet_parallax_layout_image_tablet&quot;:{&quot;url&quot;:&quot;&quot;,&quot;id&quot;:&quot;&quot;,&quot;size&quot;:&quot;&quot;},&quot;jet_parallax_layout_image_mobile&quot;:{&quot;url&quot;:&quot;&quot;,&quot;id&quot;:&quot;&quot;,&quot;size&quot;:&quot;&quot;},&quot;jet_parallax_layout_speed&quot;:{&quot;unit&quot;:&quot;%&quot;,&quot;size&quot;:50,&quot;sizes&quot;:[]},&quot;jet_parallax_layout_type&quot;:&quot;scroll&quot;,&quot;jet_parallax_layout_direction&quot;:null,&quot;jet_parallax_layout_fx_direction&quot;:null,&quot;jet_parallax_layout_z_index&quot;:&quot;&quot;,&quot;jet_parallax_layout_bg_x&quot;:50,&quot;jet_parallax_layout_bg_x_tablet&quot;:&quot;&quot;,&quot;jet_parallax_layout_bg_x_mobile&quot;:&quot;&quot;,&quot;jet_parallax_layout_bg_y&quot;:50,&quot;jet_parallax_layout_bg_y_tablet&quot;:&quot;&quot;,&quot;jet_parallax_layout_bg_y_mobile&quot;:&quot;&quot;,&quot;jet_parallax_layout_bg_size&quot;:&quot;auto&quot;,&quot;jet_parallax_layout_bg_size_tablet&quot;:&quot;&quot;,&quot;jet_parallax_layout_bg_size_mobile&quot;:&quot;&quot;,&quot;jet_parallax_layout_animation_prop&quot;:&quot;transform&quot;,&quot;jet_parallax_layout_on&quot;:[&quot;desktop&quot;,&quot;tablet&quot;]}]}\">\n\t\t\t\t\t\t<div class=\"elementor-container elementor-column-gap-default\">\n\t\t\t\t\t<div class=\"elementor-column elementor-col-100 elementor-top-column elementor-element elementor-element-b990737\" data-id=\"b990737\" data-element_type=\"column\">\n\t\t\t<div class=\"elementor-widget-wrap elementor-element-populated\">\n\t\t\t\t\t\t<div class=\"elementor-element elementor-element-19e9e81 elementor-widget elementor-widget-text-editor\" data-id=\"19e9e81\" data-element_type=\"widget\" data-widget_type=\"text-editor.default\">\n\t\t\t\t<div class=\"elementor-widget-container\">\n\t\t\t\t\t\t\t<p>Asimismo, hemos contado con Iv\u00e1n Pau, l\u00edder de actividad de VALUE, que ha hecho una introducci\u00f3n a las motivaciones detr\u00e1s de este ambicioso proyecto que pretende hacer realidad la transformaci\u00f3n digital. Para cerrar la jornada, se han organizado tres talleres con pacientes con enfermedades musculoesquel\u00e9ticas, ictus e insuficiencia card\u00edaca donde cl\u00ednicos, pacientes y expertos en tecnolog\u00edas de la informaci\u00f3n han intercambiado ideas e impresiones sobre c\u00f3mo involucrar a los pacientes en este viaje y proporcionar sugerencias interesantes y otras consideraciones, sobre c\u00f3mo mejorar la calidad de los datos.<\/p>\t\t\t\t\t\t<\/div>\n\t\t\t\t<\/div>\n\t\t\t\t\t<\/div>\n\t\t<\/div>\n\t\t\t\t\t<\/div>\n\t\t<\/section>\n\t\t\t\t<\/div>\n\t\t","protected":false},"excerpt":{"rendered":"<p>El evento online ha sido un \u00e9xito con la asistencia de m\u00e1s de 40 personas. Eva Aur\u00edn abr\u00eda este evento con una charla sobre el proyecto VALUE, seguidos por una presentaci\u00f3n inspiradora sobre el viaje hacia el futuro de la salud centrada en el valor para el paciente, dirigida por nuestro orador principal, Juan Luis Cruz Berm\u00fadez, CIO Hospital Universitario 12.<\/p>\n","protected":false},"author":2,"featured_media":1343,"comment_status":"open","ping_status":"open","sticky":false,"template":"","format":"standard","meta":{"_mi_skip_tracking":false,"footnotes":""},"categories":[49,50],"tags":[53,51,52],"yoast_head":"<!-- This site is optimized with the Yoast SEO plugin v18.6 - https:\/\/yoast.com\/wordpress\/plugins\/seo\/ -->\n<title>Resultados del evento Transformaci\u00f3n Digital en Salud, hacia una atenci\u00f3n de alto valor &bull; VALUE Project<\/title>\n<meta name=\"description\" content=\"C\u00f3mo satisfacer las necesidades de los pacientes y los sistemas sanitarios a trav\u00e9s de la transformaci\u00f3n digital. VALUE hace posible la nueva era del an\u00e1lisis de datos\" \/>\n<meta name=\"robots\" content=\"index, follow, max-snippet:-1, max-image-preview:large, max-video-preview:-1\" \/>\n<link rel=\"canonical\" href=\"https:\/\/valueproject.eu\/es\/resultados-del-evento-transformacion-digital-en-salud-hacia-una-atencion-de-alto-valor\/\" \/>\n<meta property=\"og:locale\" content=\"es_ES\" \/>\n<meta property=\"og:type\" content=\"article\" \/>\n<meta property=\"og:title\" content=\"Resultados del evento Transformaci\u00f3n Digital en Salud, hacia una atenci\u00f3n de alto valor &bull; VALUE Project\" \/>\n<meta property=\"og:description\" content=\"C\u00f3mo satisfacer las necesidades de los pacientes y los sistemas sanitarios a trav\u00e9s de la transformaci\u00f3n digital. VALUE hace posible la nueva era del an\u00e1lisis de datos\" \/>\n<meta property=\"og:url\" content=\"https:\/\/valueproject.eu\/es\/resultados-del-evento-transformacion-digital-en-salud-hacia-una-atencion-de-alto-valor\/\" \/>\n<meta property=\"og:site_name\" content=\"VALUE Project\" \/>\n<meta property=\"article:publisher\" content=\"https:\/\/www.facebook.com\/pg\/ValueEITHealth\" \/>\n<meta property=\"article:published_time\" content=\"2021-01-20T09:32:31+00:00\" \/>\n<meta property=\"article:modified_time\" content=\"2021-01-25T16:08:58+00:00\" \/>\n<meta property=\"og:image\" content=\"https:\/\/i0.wp.com\/valueproject.eu\/wp-content\/uploads\/2020\/12\/forward-2181336_1920.jpg?fit=1920%2C823&#038;ssl=1\" \/>\n\t<meta property=\"og:image:width\" content=\"1920\" \/>\n\t<meta property=\"og:image:height\" content=\"823\" \/>\n\t<meta property=\"og:image:type\" content=\"image\/jpeg\" \/>\n<meta name=\"twitter:card\" content=\"summary_large_image\" \/>\n<meta name=\"twitter:creator\" content=\"@ValueEIT\" \/>\n<meta name=\"twitter:site\" content=\"@ValueEIT\" \/>\n<meta name=\"twitter:label1\" content=\"Escrito por\" \/>\n\t<meta name=\"twitter:data1\" content=\"Gema Iba\u00f1ez\" \/>\n\t<meta name=\"twitter:label2\" content=\"Tiempo de lectura\" \/>\n\t<meta name=\"twitter:data2\" content=\"1 minuto\" \/>\n<script type=\"application\/ld+json\" class=\"yoast-schema-graph\">{\"@context\":\"https:\/\/schema.org\",\"@graph\":[{\"@type\":\"Organization\",\"@id\":\"https:\/\/valueproject.eu\/es\/#organization\",\"name\":\"Value Project\",\"url\":\"https:\/\/valueproject.eu\/es\/\",\"sameAs\":[\"https:\/\/www.facebook.com\/pg\/ValueEITHealth\",\"https:\/\/www.youtube.com\/channel\/UC03FCjDIwMj5va7_Tm6_81Q\",\"https:\/\/twitter.com\/ValueEIT\"],\"logo\":{\"@type\":\"ImageObject\",\"@id\":\"https:\/\/valueproject.eu\/es\/#logo\",\"inLanguage\":\"es\",\"url\":\"https:\/\/i0.wp.com\/valueproject.eu\/wp-content\/uploads\/2020\/03\/logoValue003_01_.png?fit=2117%2C705&ssl=1\",\"contentUrl\":\"https:\/\/i0.wp.com\/valueproject.eu\/wp-content\/uploads\/2020\/03\/logoValue003_01_.png?fit=2117%2C705&ssl=1\",\"width\":2117,\"height\":705,\"caption\":\"Value Project\"},\"image\":{\"@id\":\"https:\/\/valueproject.eu\/es\/#logo\"}},{\"@type\":\"WebSite\",\"@id\":\"https:\/\/valueproject.eu\/es\/#website\",\"url\":\"https:\/\/valueproject.eu\/es\/\",\"name\":\"VALUE Project\",\"description\":\"Value based healthcare supported by process mining tools\",\"publisher\":{\"@id\":\"https:\/\/valueproject.eu\/es\/#organization\"},\"potentialAction\":[{\"@type\":\"SearchAction\",\"target\":{\"@type\":\"EntryPoint\",\"urlTemplate\":\"https:\/\/valueproject.eu\/es\/?s={search_term_string}\"},\"query-input\":\"required name=search_term_string\"}],\"inLanguage\":\"es\"},{\"@type\":\"ImageObject\",\"@id\":\"https:\/\/valueproject.eu\/es\/resultados-del-evento-transformacion-digital-en-salud-hacia-una-atencion-de-alto-valor\/#primaryimage\",\"inLanguage\":\"es\",\"url\":\"https:\/\/i0.wp.com\/valueproject.eu\/wp-content\/uploads\/2020\/12\/forward-2181336_1920.jpg?fit=1920%2C823&ssl=1\",\"contentUrl\":\"https:\/\/i0.wp.com\/valueproject.eu\/wp-content\/uploads\/2020\/12\/forward-2181336_1920.jpg?fit=1920%2C823&ssl=1\",\"width\":1920,\"height\":823},{\"@type\":\"WebPage\",\"@id\":\"https:\/\/valueproject.eu\/es\/resultados-del-evento-transformacion-digital-en-salud-hacia-una-atencion-de-alto-valor\/#webpage\",\"url\":\"https:\/\/valueproject.eu\/es\/resultados-del-evento-transformacion-digital-en-salud-hacia-una-atencion-de-alto-valor\/\",\"name\":\"Resultados del evento Transformaci\u00f3n Digital en Salud, hacia una atenci\u00f3n de alto valor &bull; VALUE Project\",\"isPartOf\":{\"@id\":\"https:\/\/valueproject.eu\/es\/#website\"},\"primaryImageOfPage\":{\"@id\":\"https:\/\/valueproject.eu\/es\/resultados-del-evento-transformacion-digital-en-salud-hacia-una-atencion-de-alto-valor\/#primaryimage\"},\"datePublished\":\"2021-01-20T09:32:31+00:00\",\"dateModified\":\"2021-01-25T16:08:58+00:00\",\"description\":\"C\u00f3mo satisfacer las necesidades de los pacientes y los sistemas sanitarios a trav\u00e9s de la transformaci\u00f3n digital. VALUE hace posible la nueva era del an\u00e1lisis de datos\",\"breadcrumb\":{\"@id\":\"https:\/\/valueproject.eu\/es\/resultados-del-evento-transformacion-digital-en-salud-hacia-una-atencion-de-alto-valor\/#breadcrumb\"},\"inLanguage\":\"es\",\"potentialAction\":[{\"@type\":\"ReadAction\",\"target\":[\"https:\/\/valueproject.eu\/es\/resultados-del-evento-transformacion-digital-en-salud-hacia-una-atencion-de-alto-valor\/\"]}]},{\"@type\":\"BreadcrumbList\",\"@id\":\"https:\/\/valueproject.eu\/es\/resultados-del-evento-transformacion-digital-en-salud-hacia-una-atencion-de-alto-valor\/#breadcrumb\",\"itemListElement\":[{\"@type\":\"ListItem\",\"position\":1,\"name\":\"Portada\",\"item\":\"https:\/\/valueproject.eu\/es\/\"},{\"@type\":\"ListItem\",\"position\":2,\"name\":\"Resultados del evento Transformaci\u00f3n Digital en Salud, hacia una atenci\u00f3n de alto valor\"}]},{\"@type\":\"Article\",\"@id\":\"https:\/\/valueproject.eu\/es\/resultados-del-evento-transformacion-digital-en-salud-hacia-una-atencion-de-alto-valor\/#article\",\"isPartOf\":{\"@id\":\"https:\/\/valueproject.eu\/es\/resultados-del-evento-transformacion-digital-en-salud-hacia-una-atencion-de-alto-valor\/#webpage\"},\"author\":{\"@id\":\"https:\/\/valueproject.eu\/es\/#\/schema\/person\/56bbfb0f907276b0749efc8263472343\"},\"headline\":\"Resultados del evento Transformaci\u00f3n Digital en Salud, hacia una atenci\u00f3n de alto valor\",\"datePublished\":\"2021-01-20T09:32:31+00:00\",\"dateModified\":\"2021-01-25T16:08:58+00:00\",\"mainEntityOfPage\":{\"@id\":\"https:\/\/valueproject.eu\/es\/resultados-del-evento-transformacion-digital-en-salud-hacia-una-atencion-de-alto-valor\/#webpage\"},\"wordCount\":200,\"commentCount\":0,\"publisher\":{\"@id\":\"https:\/\/valueproject.eu\/es\/#organization\"},\"image\":{\"@id\":\"https:\/\/valueproject.eu\/es\/resultados-del-evento-transformacion-digital-en-salud-hacia-una-atencion-de-alto-valor\/#primaryimage\"},\"thumbnailUrl\":\"https:\/\/i0.wp.com\/valueproject.eu\/wp-content\/uploads\/2020\/12\/forward-2181336_1920.jpg?fit=1920%2C823&ssl=1\",\"keywords\":[\"Atenci\u00f3n de alto valor\",\"Miner\u00eda de Procesos\",\"VALUE\"],\"articleSection\":[\"Caso de uso\",\"Diseminaci\u00f3n\"],\"inLanguage\":\"es\",\"potentialAction\":[{\"@type\":\"CommentAction\",\"name\":\"Comment\",\"target\":[\"https:\/\/valueproject.eu\/es\/resultados-del-evento-transformacion-digital-en-salud-hacia-una-atencion-de-alto-valor\/#respond\"]}]},{\"@type\":\"Person\",\"@id\":\"https:\/\/valueproject.eu\/es\/#\/schema\/person\/56bbfb0f907276b0749efc8263472343\",\"name\":\"Gema Iba\u00f1ez\",\"image\":{\"@type\":\"ImageObject\",\"@id\":\"https:\/\/valueproject.eu\/es\/#personlogo\",\"inLanguage\":\"es\",\"url\":\"https:\/\/secure.gravatar.com\/avatar\/146ce4b338f5dd738ad8ef2c9681840b?s=96&d=mm&r=g\",\"contentUrl\":\"https:\/\/secure.gravatar.com\/avatar\/146ce4b338f5dd738ad8ef2c9681840b?s=96&d=mm&r=g\",\"caption\":\"Gema Iba\u00f1ez\"},\"url\":\"https:\/\/valueproject.eu\/es\/author\/geibsan\/\"}]}<\/script>\n<!-- \/ Yoast SEO plugin. -->","yoast_head_json":{"title":"Resultados del evento Transformaci\u00f3n Digital en Salud, hacia una atenci\u00f3n de alto valor &bull; VALUE Project","description":"C\u00f3mo satisfacer las necesidades de los pacientes y los sistemas sanitarios a trav\u00e9s de la transformaci\u00f3n digital. VALUE hace posible la nueva era del an\u00e1lisis de datos","robots":{"index":"index","follow":"follow","max-snippet":"max-snippet:-1","max-image-preview":"max-image-preview:large","max-video-preview":"max-video-preview:-1"},"canonical":"https:\/\/valueproject.eu\/es\/resultados-del-evento-transformacion-digital-en-salud-hacia-una-atencion-de-alto-valor\/","og_locale":"es_ES","og_type":"article","og_title":"Resultados del evento Transformaci\u00f3n Digital en Salud, hacia una atenci\u00f3n de alto valor &bull; VALUE Project","og_description":"C\u00f3mo satisfacer las necesidades de los pacientes y los sistemas sanitarios a trav\u00e9s de la transformaci\u00f3n digital. VALUE hace posible la nueva era del an\u00e1lisis de datos","og_url":"https:\/\/valueproject.eu\/es\/resultados-del-evento-transformacion-digital-en-salud-hacia-una-atencion-de-alto-valor\/","og_site_name":"VALUE Project","article_publisher":"https:\/\/www.facebook.com\/pg\/ValueEITHealth","article_published_time":"2021-01-20T09:32:31+00:00","article_modified_time":"2021-01-25T16:08:58+00:00","og_image":[{"width":1920,"height":823,"url":"https:\/\/i0.wp.com\/valueproject.eu\/wp-content\/uploads\/2020\/12\/forward-2181336_1920.jpg?fit=1920%2C823&ssl=1","type":"image\/jpeg"}],"twitter_card":"summary_large_image","twitter_creator":"@ValueEIT","twitter_site":"@ValueEIT","twitter_misc":{"Escrito por":"Gema Iba\u00f1ez","Tiempo de lectura":"1 minuto"},"schema":{"@context":"https:\/\/schema.org","@graph":[{"@type":"Organization","@id":"https:\/\/valueproject.eu\/es\/#organization","name":"Value Project","url":"https:\/\/valueproject.eu\/es\/","sameAs":["https:\/\/www.facebook.com\/pg\/ValueEITHealth","https:\/\/www.youtube.com\/channel\/UC03FCjDIwMj5va7_Tm6_81Q","https:\/\/twitter.com\/ValueEIT"],"logo":{"@type":"ImageObject","@id":"https:\/\/valueproject.eu\/es\/#logo","inLanguage":"es","url":"https:\/\/i0.wp.com\/valueproject.eu\/wp-content\/uploads\/2020\/03\/logoValue003_01_.png?fit=2117%2C705&ssl=1","contentUrl":"https:\/\/i0.wp.com\/valueproject.eu\/wp-content\/uploads\/2020\/03\/logoValue003_01_.png?fit=2117%2C705&ssl=1","width":2117,"height":705,"caption":"Value Project"},"image":{"@id":"https:\/\/valueproject.eu\/es\/#logo"}},{"@type":"WebSite","@id":"https:\/\/valueproject.eu\/es\/#website","url":"https:\/\/valueproject.eu\/es\/","name":"VALUE Project","description":"Value based healthcare supported by process mining tools","publisher":{"@id":"https:\/\/valueproject.eu\/es\/#organization"},"potentialAction":[{"@type":"SearchAction","target":{"@type":"EntryPoint","urlTemplate":"https:\/\/valueproject.eu\/es\/?s={search_term_string}"},"query-input":"required name=search_term_string"}],"inLanguage":"es"},{"@type":"ImageObject","@id":"https:\/\/valueproject.eu\/es\/resultados-del-evento-transformacion-digital-en-salud-hacia-una-atencion-de-alto-valor\/#primaryimage","inLanguage":"es","url":"https:\/\/i0.wp.com\/valueproject.eu\/wp-content\/uploads\/2020\/12\/forward-2181336_1920.jpg?fit=1920%2C823&ssl=1","contentUrl":"https:\/\/i0.wp.com\/valueproject.eu\/wp-content\/uploads\/2020\/12\/forward-2181336_1920.jpg?fit=1920%2C823&ssl=1","width":1920,"height":823},{"@type":"WebPage","@id":"https:\/\/valueproject.eu\/es\/resultados-del-evento-transformacion-digital-en-salud-hacia-una-atencion-de-alto-valor\/#webpage","url":"https:\/\/valueproject.eu\/es\/resultados-del-evento-transformacion-digital-en-salud-hacia-una-atencion-de-alto-valor\/","name":"Resultados del evento Transformaci\u00f3n Digital en Salud, hacia una atenci\u00f3n de alto valor &bull; VALUE Project","isPartOf":{"@id":"https:\/\/valueproject.eu\/es\/#website"},"primaryImageOfPage":{"@id":"https:\/\/valueproject.eu\/es\/resultados-del-evento-transformacion-digital-en-salud-hacia-una-atencion-de-alto-valor\/#primaryimage"},"datePublished":"2021-01-20T09:32:31+00:00","dateModified":"2021-01-25T16:08:58+00:00","description":"C\u00f3mo satisfacer las necesidades de los pacientes y los sistemas sanitarios a trav\u00e9s de la transformaci\u00f3n digital. VALUE hace posible la nueva era del an\u00e1lisis de datos","breadcrumb":{"@id":"https:\/\/valueproject.eu\/es\/resultados-del-evento-transformacion-digital-en-salud-hacia-una-atencion-de-alto-valor\/#breadcrumb"},"inLanguage":"es","potentialAction":[{"@type":"ReadAction","target":["https:\/\/valueproject.eu\/es\/resultados-del-evento-transformacion-digital-en-salud-hacia-una-atencion-de-alto-valor\/"]}]},{"@type":"BreadcrumbList","@id":"https:\/\/valueproject.eu\/es\/resultados-del-evento-transformacion-digital-en-salud-hacia-una-atencion-de-alto-valor\/#breadcrumb","itemListElement":[{"@type":"ListItem","position":1,"name":"Portada","item":"https:\/\/valueproject.eu\/es\/"},{"@type":"ListItem","position":2,"name":"Resultados del evento Transformaci\u00f3n Digital en Salud, hacia una atenci\u00f3n de alto valor"}]},{"@type":"Article","@id":"https:\/\/valueproject.eu\/es\/resultados-del-evento-transformacion-digital-en-salud-hacia-una-atencion-de-alto-valor\/#article","isPartOf":{"@id":"https:\/\/valueproject.eu\/es\/resultados-del-evento-transformacion-digital-en-salud-hacia-una-atencion-de-alto-valor\/#webpage"},"author":{"@id":"https:\/\/valueproject.eu\/es\/#\/schema\/person\/56bbfb0f907276b0749efc8263472343"},"headline":"Resultados del evento Transformaci\u00f3n Digital en Salud, hacia una atenci\u00f3n de alto valor","datePublished":"2021-01-20T09:32:31+00:00","dateModified":"2021-01-25T16:08:58+00:00","mainEntityOfPage":{"@id":"https:\/\/valueproject.eu\/es\/resultados-del-evento-transformacion-digital-en-salud-hacia-una-atencion-de-alto-valor\/#webpage"},"wordCount":200,"commentCount":0,"publisher":{"@id":"https:\/\/valueproject.eu\/es\/#organization"},"image":{"@id":"https:\/\/valueproject.eu\/es\/resultados-del-evento-transformacion-digital-en-salud-hacia-una-atencion-de-alto-valor\/#primaryimage"},"thumbnailUrl":"https:\/\/i0.wp.com\/valueproject.eu\/wp-content\/uploads\/2020\/12\/forward-2181336_1920.jpg?fit=1920%2C823&ssl=1","keywords":["Atenci\u00f3n de alto valor","Miner\u00eda de Procesos","VALUE"],"articleSection":["Caso de uso","Diseminaci\u00f3n"],"inLanguage":"es","potentialAction":[{"@type":"CommentAction","name":"Comment","target":["https:\/\/valueproject.eu\/es\/resultados-del-evento-transformacion-digital-en-salud-hacia-una-atencion-de-alto-valor\/#respond"]}]},{"@type":"Person","@id":"https:\/\/valueproject.eu\/es\/#\/schema\/person\/56bbfb0f907276b0749efc8263472343","name":"Gema Iba\u00f1ez","image":{"@type":"ImageObject","@id":"https:\/\/valueproject.eu\/es\/#personlogo","inLanguage":"es","url":"https:\/\/secure.gravatar.com\/avatar\/146ce4b338f5dd738ad8ef2c9681840b?s=96&d=mm&r=g","contentUrl":"https:\/\/secure.gravatar.com\/avatar\/146ce4b338f5dd738ad8ef2c9681840b?s=96&d=mm&r=g","caption":"Gema Iba\u00f1ez"},"url":"https:\/\/valueproject.eu\/es\/author\/geibsan\/"}]}},"jetpack_sharing_enabled":true,"jetpack_featured_media_url":"https:\/\/i0.wp.com\/valueproject.eu\/wp-content\/uploads\/2020\/12\/forward-2181336_1920.jpg?fit=1920%2C823&ssl=1","_links":{"self":[{"href":"https:\/\/valueproject.eu\/es\/wp-json\/wp\/v2\/posts\/1405"}],"collection":[{"href":"https:\/\/valueproject.eu\/es\/wp-json\/wp\/v2\/posts"}],"about":[{"href":"https:\/\/valueproject.eu\/es\/wp-json\/wp\/v2\/types\/post"}],"author":[{"embeddable":true,"href":"https:\/\/valueproject.eu\/es\/wp-json\/wp\/v2\/users\/2"}],"replies":[{"embeddable":true,"href":"https:\/\/valueproject.eu\/es\/wp-json\/wp\/v2\/comments?post=1405"}],"version-history":[{"count":6,"href":"https:\/\/valueproject.eu\/es\/wp-json\/wp\/v2\/posts\/1405\/revisions"}],"predecessor-version":[{"id":1604,"href":"https:\/\/valueproject.eu\/es\/wp-json\/wp\/v2\/posts\/1405\/revisions\/1604"}],"wp:featuredmedia":[{"embeddable":true,"href":"https:\/\/valueproject.eu\/es\/wp-json\/wp\/v2\/media\/1343"}],"wp:attachment":[{"href":"https:\/\/valueproject.eu\/es\/wp-json\/wp\/v2\/media?parent=1405"}],"wp:term":[{"taxonomy":"category","embeddable":true,"href":"https:\/\/valueproject.eu\/es\/wp-json\/wp\/v2\/categories?post=1405"},{"taxonomy":"post_tag","embeddable":true,"href":"https:\/\/valueproject.eu\/es\/wp-json\/wp\/v2\/tags?post=1405"}],"curies":[{"name":"wp","href":"https:\/\/api.w.org\/{rel}","templated":true}]}}