{"id":1415,"date":"2021-01-20T10:27:29","date_gmt":"2021-01-20T10:27:29","guid":{"rendered":"https:\/\/valueproject.eu\/pacientes-ancianos-fragiles\/"},"modified":"2021-01-25T15:49:41","modified_gmt":"2021-01-25T15:49:41","slug":"caso-de-uso-pacientes-ancianos-fragiles","status":"publish","type":"post","link":"https:\/\/valueproject.eu\/es\/caso-de-uso-pacientes-ancianos-fragiles\/","title":{"rendered":"CASO DE USO: Pacientes ancianos fr\u00e1giles"},"content":{"rendered":"\t\t<div data-elementor-type=\"wp-post\" data-elementor-id=\"1415\" class=\"elementor elementor-1415 elementor-1064\">\n\t\t\t\t\t\t<section class=\"elementor-section elementor-top-section elementor-element elementor-element-6c0a8210 elementor-section-boxed elementor-section-height-default elementor-section-height-default\" data-id=\"6c0a8210\" data-element_type=\"section\" data-settings=\"{&quot;jet_parallax_layout_list&quot;:[{&quot;jet_parallax_layout_image&quot;:{&quot;url&quot;:&quot;&quot;,&quot;id&quot;:&quot;&quot;,&quot;size&quot;:&quot;&quot;},&quot;_id&quot;:&quot;d6969e4&quot;,&quot;jet_parallax_layout_image_tablet&quot;:{&quot;url&quot;:&quot;&quot;,&quot;id&quot;:&quot;&quot;,&quot;size&quot;:&quot;&quot;},&quot;jet_parallax_layout_image_mobile&quot;:{&quot;url&quot;:&quot;&quot;,&quot;id&quot;:&quot;&quot;,&quot;size&quot;:&quot;&quot;},&quot;jet_parallax_layout_speed&quot;:{&quot;unit&quot;:&quot;%&quot;,&quot;size&quot;:50,&quot;sizes&quot;:[]},&quot;jet_parallax_layout_type&quot;:&quot;scroll&quot;,&quot;jet_parallax_layout_direction&quot;:null,&quot;jet_parallax_layout_fx_direction&quot;:null,&quot;jet_parallax_layout_z_index&quot;:&quot;&quot;,&quot;jet_parallax_layout_bg_x&quot;:50,&quot;jet_parallax_layout_bg_x_tablet&quot;:&quot;&quot;,&quot;jet_parallax_layout_bg_x_mobile&quot;:&quot;&quot;,&quot;jet_parallax_layout_bg_y&quot;:50,&quot;jet_parallax_layout_bg_y_tablet&quot;:&quot;&quot;,&quot;jet_parallax_layout_bg_y_mobile&quot;:&quot;&quot;,&quot;jet_parallax_layout_bg_size&quot;:&quot;auto&quot;,&quot;jet_parallax_layout_bg_size_tablet&quot;:&quot;&quot;,&quot;jet_parallax_layout_bg_size_mobile&quot;:&quot;&quot;,&quot;jet_parallax_layout_animation_prop&quot;:&quot;transform&quot;,&quot;jet_parallax_layout_on&quot;:[&quot;desktop&quot;,&quot;tablet&quot;]}]}\">\n\t\t\t\t\t\t<div class=\"elementor-container elementor-column-gap-default\">\n\t\t\t\t\t<div class=\"elementor-column elementor-col-100 elementor-top-column elementor-element elementor-element-6ed1df83\" data-id=\"6ed1df83\" data-element_type=\"column\">\n\t\t\t<div class=\"elementor-widget-wrap elementor-element-populated\">\n\t\t\t\t\t\t<div class=\"elementor-element elementor-element-4106b25c elementor-widget elementor-widget-text-editor\" data-id=\"4106b25c\" data-element_type=\"widget\" data-widget_type=\"text-editor.default\">\n\t\t\t\t<div class=\"elementor-widget-container\">\n\t\t\t\t\t\t\t<p><\/p>\n<p style=\"margin-top: 0pt; margin-bottom: 4pt; margin-left: 0in; direction: ltr; unicode-bidi: embed; word-break: normal;\"><span style=\"font-size: 12.5pt; font-family: Barlow; color: #0f4c5c;\">Este caso de uso se centra en el departamento de <\/span><span style=\"font-size: 12.5pt; font-family: Barlow; color: #0f4c5c;\">urgencias en <\/span><span style=\"font-size: 12.5pt; font-family: Barlow; color: #0f4c5c;\">el <\/span><span style=\"font-size: 12.5pt; font-family: Barlow; color: #0f4c5c;\">Hospital Universitario <\/span><span style=\"font-size: 12.5pt; font-family: Barlow; color: #0f4c5c;\">Karolinska <\/span><span style=\"font-size: 12.5pt; font-family: Barlow; mso-ascii-font-family: Barlow; mso-fareast-font-family: +mn-ea; mso-bidi-font-family: +mn-cs; mso-fareast-theme-font: minor-fareast; mso-bidi-theme-font: minor-bidi; color: #0f4c5c; mso-font-kerning: 12.0pt; language: es; mso-style-textfill-type: solid; mso-style-textfill-fill-color: #0F4C5C; mso-style-textfill-fill-alpha: 100.0%;\">de <\/span><span style=\"font-size: 12.5pt; font-family: Barlow; mso-ascii-font-family: Barlow; mso-fareast-font-family: +mn-ea; mso-bidi-font-family: +mn-cs; mso-fareast-theme-font: minor-fareast; mso-bidi-theme-font: minor-bidi; color: #0f4c5c; mso-font-kerning: 12.0pt; language: es; mso-style-textfill-type: solid; mso-style-textfill-fill-color: #0F4C5C; mso-style-textfill-fill-alpha: 100.0%;\">Huddinge<\/span><span style=\"font-size: 12.5pt; font-family: Barlow; mso-ascii-font-family: Barlow; mso-fareast-font-family: +mn-ea; mso-bidi-font-family: +mn-cs; mso-fareast-theme-font: minor-fareast; mso-bidi-theme-font: minor-bidi; color: #0f4c5c; mso-font-kerning: 12.0pt; language: es; mso-style-textfill-type: solid; mso-style-textfill-fill-color: #0F4C5C; mso-style-textfill-fill-alpha: 100.0%;\">. <\/span><span style=\"font-size: 12.5pt; font-family: Barlow; color: #0f4c5c;\">El servicio de urgencias sufre de un problema de saturaci\u00f3n<\/span><span style=\"font-size: 12.5pt; font-family: Barlow; color: #0f4c5c;\">, adem\u00e1s de tener que lidiar con <\/span><span style=\"font-size: 12.5pt; font-family: Barlow; color: #0f4c5c;\">pacientes ancianos fr\u00e1giles se ven obligados a <\/span><span style=\"font-size: 12.5pt; font-family: Barlow; mso-ascii-font-family: Barlow; mso-fareast-font-family: +mn-ea; mso-bidi-font-family: +mn-cs; mso-fareast-theme-font: minor-fareast; mso-bidi-theme-font: minor-bidi; color: #0f4c5c; mso-font-kerning: 12.0pt; language: es; mso-style-textfill-type: solid; mso-style-textfill-fill-color: #0F4C5C; mso-style-textfill-fill-alpha: 100.0%;\">realizar <\/span><span style=\"font-size: 12.5pt; font-family: Barlow; color: #0f4c5c;\">estancias prolongadas, no siendo un buen lugar para la atenci\u00f3n de pacientes ancianos fr\u00e1giles que normalmente requieren de una mayor atenci\u00f3n y asistencia, dif\u00edcil de proporcionar en el servicio de urgencias debido a la alta demanda que este tiene. Esto puede desembocar en un mayor riesgo de complicaciones y peores resultados en los pacientes de este tipo.<\/span><\/p>\n<p>\u00a0<\/p>\n<p style=\"margin-top: 0pt; margin-bottom: 4pt; margin-left: 0in; direction: ltr; unicode-bidi: embed; word-break: normal;\"><span style=\"font-size: 12.5pt; font-family: Barlow; color: #0f4c5c;\">La miner\u00eda de procesos se utilizar\u00e1 para entender el proceso real para este tipo de pacientes y las diferencias con otros grupos. Los hallazgos ser\u00e1n utilizados para identificar mejoras. Estas <\/span><span style=\"font-size: 12.5pt; font-family: Barlow; mso-ascii-font-family: Barlow; mso-fareast-font-family: +mn-ea; mso-bidi-font-family: +mn-cs; mso-fareast-theme-font: minor-fareast; mso-bidi-theme-font: minor-bidi; color: #0f4c5c; mso-font-kerning: 12.0pt; language: es; mso-style-textfill-type: solid; mso-style-textfill-fill-color: #0F4C5C; mso-style-textfill-fill-alpha: 100.0%;\">mejoras<\/span><span style=\"font-size: 12.5pt; font-family: Barlow; color: #0f4c5c;\"> estar\u00e1n dirigidas a reducir la estancia en urgencias y ser\u00e1n objeto de seguimiento y an\u00e1lisis mediante miner\u00eda de procesos interactiva <\/span><span style=\"font-size: 12.5pt; font-family: Barlow; color: #0f4c5c;\">para evaluar y asegurar la efectividad de <\/span><span style=\"font-size: 12.5pt; font-family: Barlow; mso-ascii-font-family: Barlow; mso-fareast-font-family: +mn-ea; mso-bidi-font-family: +mn-cs; mso-fareast-theme-font: minor-fareast; mso-bidi-theme-font: minor-bidi; color: #0f4c5c; mso-font-kerning: 12.0pt; language: es; mso-style-textfill-type: solid; mso-style-textfill-fill-color: #0F4C5C; mso-style-textfill-fill-alpha: 100.0%;\">\u00e9stas<\/span><span style=\"font-size: 12.5pt; font-family: Barlow; color: #0f4c5c;\">.<\/span><\/p>\n<p><\/p>\n<figure><img decoding=\"async\" src=\"https:\/\/i0.wp.com\/valueproject.eu\/wp-content\/uploads\/2020\/09\/ball-2585603_1920.jpg?resize=1024%2C576&#038;ssl=1\" alt=\"\" data-recalc-dims=\"1\" \/><\/figure>\n<p><\/p>\t\t\t\t\t\t<\/div>\n\t\t\t\t<\/div>\n\t\t\t\t\t<\/div>\n\t\t<\/div>\n\t\t\t\t\t<\/div>\n\t\t<\/section>\n\t\t\t\t<\/div>\n\t\t","protected":false},"excerpt":{"rendered":"<p>Este caso de uso tiene como objetivo reducir la estancia de pacientes ancianos fr\u00e1giles en el Servicio de Urgencias del Hospital Universitario Karolinska.<\/p>\n","protected":false},"author":2,"featured_media":1066,"comment_status":"open","ping_status":"open","sticky":false,"template":"","format":"standard","meta":{"_mi_skip_tracking":false,"footnotes":""},"categories":[49],"tags":[55,57,56,58,51,59,52,60],"yoast_head":"<!-- This site is optimized with the Yoast SEO plugin v18.6 - https:\/\/yoast.com\/wordpress\/plugins\/seo\/ -->\n<title>CASO DE USO: Pacientes ancianos fr\u00e1giles &bull; VALUE Project<\/title>\n<meta name=\"description\" content=\"Este caso de uso tiene como objetivo reducir la estancia de pacientes ancianos fr\u00e1giles en el Servicio de Urgencias del Hospital Universitario Karolinska.\" \/>\n<meta name=\"robots\" content=\"index, follow, max-snippet:-1, max-image-preview:large, max-video-preview:-1\" \/>\n<link rel=\"canonical\" href=\"https:\/\/valueproject.eu\/es\/caso-de-uso-pacientes-ancianos-fragiles\/\" \/>\n<meta property=\"og:locale\" content=\"es_ES\" \/>\n<meta property=\"og:type\" content=\"article\" \/>\n<meta property=\"og:title\" content=\"Caso de uso: El Hospital Universitario Karolinska tiene como objetivo reducir el tiempo de estancia en el hospital mediante el an\u00e1lisis de los procesos con miner\u00eda de procesos\" \/>\n<meta property=\"og:description\" content=\"Este caso de uso se centra en el departamento de emergencias (DE) de Huddinge en el Hospital Universitario Karolinska. El servicio de urgencias a veces se ve saturado y pacientes ancianos fr\u00e1giles se ven obligados a realizar estancias prolongadas, no siendo el servicio de urgencias un buen lugar para la atenci\u00f3n de pacientes ancianos fr\u00e1giles que normalmente requieren de una mayor atenci\u00f3n y asistencia, dif\u00edcil de proporcionar en el servicio de urgencias debido a la alta demanda que este tiene. Esto puede desembocar en un mayor riesgo de complicaciones y peores resultados en los pacientes de este tipo. La miner\u00eda de procesos se utilizar\u00e1 para entender el proceso real para este tipo de pacientes y las diferencias con otros grupos. Los hallazgos ser\u00e1n utilizados para identificar mejoras. Estas mejoras estar\u00e1n dirigidas a reducir la estancia en urgencias y ser\u00e1n objeto de seguimiento y an\u00e1lisis mediante IPM para evaluar y asegurar la efectividad de \u00e9stas.\" \/>\n<meta property=\"og:url\" content=\"https:\/\/valueproject.eu\/es\/caso-de-uso-pacientes-ancianos-fragiles\/\" \/>\n<meta property=\"og:site_name\" content=\"VALUE Project\" \/>\n<meta property=\"article:publisher\" content=\"https:\/\/www.facebook.com\/pg\/ValueEITHealth\" \/>\n<meta property=\"article:published_time\" content=\"2021-01-20T10:27:29+00:00\" \/>\n<meta property=\"article:modified_time\" content=\"2021-01-25T15:49:41+00:00\" \/>\n<meta property=\"og:image\" content=\"https:\/\/valueproject.eu\/wp-content\/uploads\/2020\/09\/ball-2585603_1920.jpg\" \/>\n<meta name=\"twitter:card\" content=\"summary_large_image\" \/>\n<meta name=\"twitter:title\" content=\"Caso de uso: El Hospital Universitario Karolinska tiene como objetivo reducir el tiempo de estancia en el hospital mediante el an\u00e1lisis de los procesos con miner\u00eda de procesos\" \/>\n<meta name=\"twitter:description\" content=\"Para m\u00e1s detalles, visite nuestra p\u00e1gina web: https:\/\/valueproject.eu\/\" \/>\n<meta name=\"twitter:image\" content=\"https:\/\/i0.wp.com\/valueproject.eu\/wp-content\/uploads\/2020\/09\/ball-2585603_1920.jpg?fit=1920%2C1080&amp;ssl=1\" \/>\n<meta name=\"twitter:creator\" content=\"@ValueEIT\" \/>\n<meta name=\"twitter:site\" content=\"@ValueEIT\" \/>\n<meta name=\"twitter:label1\" content=\"Escrito por\" \/>\n\t<meta name=\"twitter:data1\" content=\"Gema Iba\u00f1ez\" \/>\n\t<meta name=\"twitter:label2\" content=\"Tiempo de lectura\" \/>\n\t<meta name=\"twitter:data2\" content=\"1 minuto\" \/>\n<script type=\"application\/ld+json\" class=\"yoast-schema-graph\">{\"@context\":\"https:\/\/schema.org\",\"@graph\":[{\"@type\":\"Organization\",\"@id\":\"https:\/\/valueproject.eu\/es\/#organization\",\"name\":\"Value Project\",\"url\":\"https:\/\/valueproject.eu\/es\/\",\"sameAs\":[\"https:\/\/www.facebook.com\/pg\/ValueEITHealth\",\"https:\/\/www.youtube.com\/channel\/UC03FCjDIwMj5va7_Tm6_81Q\",\"https:\/\/twitter.com\/ValueEIT\"],\"logo\":{\"@type\":\"ImageObject\",\"@id\":\"https:\/\/valueproject.eu\/es\/#logo\",\"inLanguage\":\"es\",\"url\":\"https:\/\/i0.wp.com\/valueproject.eu\/wp-content\/uploads\/2020\/03\/logoValue003_01_.png?fit=2117%2C705&ssl=1\",\"contentUrl\":\"https:\/\/i0.wp.com\/valueproject.eu\/wp-content\/uploads\/2020\/03\/logoValue003_01_.png?fit=2117%2C705&ssl=1\",\"width\":2117,\"height\":705,\"caption\":\"Value Project\"},\"image\":{\"@id\":\"https:\/\/valueproject.eu\/es\/#logo\"}},{\"@type\":\"WebSite\",\"@id\":\"https:\/\/valueproject.eu\/es\/#website\",\"url\":\"https:\/\/valueproject.eu\/es\/\",\"name\":\"VALUE Project\",\"description\":\"Value based healthcare supported by process mining tools\",\"publisher\":{\"@id\":\"https:\/\/valueproject.eu\/es\/#organization\"},\"potentialAction\":[{\"@type\":\"SearchAction\",\"target\":{\"@type\":\"EntryPoint\",\"urlTemplate\":\"https:\/\/valueproject.eu\/es\/?s={search_term_string}\"},\"query-input\":\"required name=search_term_string\"}],\"inLanguage\":\"es\"},{\"@type\":\"ImageObject\",\"@id\":\"https:\/\/valueproject.eu\/es\/caso-de-uso-pacientes-ancianos-fragiles\/#primaryimage\",\"inLanguage\":\"es\",\"url\":\"\",\"contentUrl\":\"\"},{\"@type\":\"WebPage\",\"@id\":\"https:\/\/valueproject.eu\/es\/caso-de-uso-pacientes-ancianos-fragiles\/#webpage\",\"url\":\"https:\/\/valueproject.eu\/es\/caso-de-uso-pacientes-ancianos-fragiles\/\",\"name\":\"CASO DE USO: Pacientes ancianos fr\u00e1giles &bull; VALUE Project\",\"isPartOf\":{\"@id\":\"https:\/\/valueproject.eu\/es\/#website\"},\"primaryImageOfPage\":{\"@id\":\"https:\/\/valueproject.eu\/es\/caso-de-uso-pacientes-ancianos-fragiles\/#primaryimage\"},\"datePublished\":\"2021-01-20T10:27:29+00:00\",\"dateModified\":\"2021-01-25T15:49:41+00:00\",\"description\":\"Este caso de uso tiene como objetivo reducir la estancia de pacientes ancianos fr\u00e1giles en el Servicio de Urgencias del Hospital Universitario Karolinska.\",\"breadcrumb\":{\"@id\":\"https:\/\/valueproject.eu\/es\/caso-de-uso-pacientes-ancianos-fragiles\/#breadcrumb\"},\"inLanguage\":\"es\",\"potentialAction\":[{\"@type\":\"ReadAction\",\"target\":[\"https:\/\/valueproject.eu\/es\/caso-de-uso-pacientes-ancianos-fragiles\/\"]}]},{\"@type\":\"BreadcrumbList\",\"@id\":\"https:\/\/valueproject.eu\/es\/caso-de-uso-pacientes-ancianos-fragiles\/#breadcrumb\",\"itemListElement\":[{\"@type\":\"ListItem\",\"position\":1,\"name\":\"Portada\",\"item\":\"https:\/\/valueproject.eu\/es\/\"},{\"@type\":\"ListItem\",\"position\":2,\"name\":\"CASO DE USO: Pacientes ancianos fr\u00e1giles\"}]},{\"@type\":\"Article\",\"@id\":\"https:\/\/valueproject.eu\/es\/caso-de-uso-pacientes-ancianos-fragiles\/#article\",\"isPartOf\":{\"@id\":\"https:\/\/valueproject.eu\/es\/caso-de-uso-pacientes-ancianos-fragiles\/#webpage\"},\"author\":{\"@id\":\"https:\/\/valueproject.eu\/es\/#\/schema\/person\/56bbfb0f907276b0749efc8263472343\"},\"headline\":\"CASO DE USO: Pacientes ancianos fr\u00e1giles\",\"datePublished\":\"2021-01-20T10:27:29+00:00\",\"dateModified\":\"2021-01-25T15:49:41+00:00\",\"mainEntityOfPage\":{\"@id\":\"https:\/\/valueproject.eu\/es\/caso-de-uso-pacientes-ancianos-fragiles\/#webpage\"},\"wordCount\":178,\"commentCount\":0,\"publisher\":{\"@id\":\"https:\/\/valueproject.eu\/es\/#organization\"},\"image\":{\"@id\":\"https:\/\/valueproject.eu\/es\/caso-de-uso-pacientes-ancianos-fragiles\/#primaryimage\"},\"thumbnailUrl\":\"https:\/\/i0.wp.com\/valueproject.eu\/wp-content\/uploads\/2020\/09\/ball-2585603_1920.jpg?fit=1920%2C1080&ssl=1\",\"keywords\":[\"Ancianos fr\u00e1giles\",\"Cuidado de la salud\",\"Departamento de urgencias\",\"Hospital Universitario Karolinska\",\"Miner\u00eda de Procesos\",\"Tiempo de estancia\",\"VALUE\",\"VBHC\"],\"articleSection\":[\"Caso de uso\"],\"inLanguage\":\"es\",\"potentialAction\":[{\"@type\":\"CommentAction\",\"name\":\"Comment\",\"target\":[\"https:\/\/valueproject.eu\/es\/caso-de-uso-pacientes-ancianos-fragiles\/#respond\"]}]},{\"@type\":\"Person\",\"@id\":\"https:\/\/valueproject.eu\/es\/#\/schema\/person\/56bbfb0f907276b0749efc8263472343\",\"name\":\"Gema Iba\u00f1ez\",\"image\":{\"@type\":\"ImageObject\",\"@id\":\"https:\/\/valueproject.eu\/es\/#personlogo\",\"inLanguage\":\"es\",\"url\":\"https:\/\/secure.gravatar.com\/avatar\/146ce4b338f5dd738ad8ef2c9681840b?s=96&d=mm&r=g\",\"contentUrl\":\"https:\/\/secure.gravatar.com\/avatar\/146ce4b338f5dd738ad8ef2c9681840b?s=96&d=mm&r=g\",\"caption\":\"Gema Iba\u00f1ez\"},\"url\":\"https:\/\/valueproject.eu\/es\/author\/geibsan\/\"}]}<\/script>\n<!-- \/ Yoast SEO plugin. -->","yoast_head_json":{"title":"CASO DE USO: Pacientes ancianos fr\u00e1giles &bull; VALUE Project","description":"Este caso de uso tiene como objetivo reducir la estancia de pacientes ancianos fr\u00e1giles en el Servicio de Urgencias del Hospital Universitario Karolinska.","robots":{"index":"index","follow":"follow","max-snippet":"max-snippet:-1","max-image-preview":"max-image-preview:large","max-video-preview":"max-video-preview:-1"},"canonical":"https:\/\/valueproject.eu\/es\/caso-de-uso-pacientes-ancianos-fragiles\/","og_locale":"es_ES","og_type":"article","og_title":"Caso de uso: El Hospital Universitario Karolinska tiene como objetivo reducir el tiempo de estancia en el hospital mediante el an\u00e1lisis de los procesos con miner\u00eda de procesos","og_description":"Este caso de uso se centra en el departamento de emergencias (DE) de Huddinge en el Hospital Universitario Karolinska. El servicio de urgencias a veces se ve saturado y pacientes ancianos fr\u00e1giles se ven obligados a realizar estancias prolongadas, no siendo el servicio de urgencias un buen lugar para la atenci\u00f3n de pacientes ancianos fr\u00e1giles que normalmente requieren de una mayor atenci\u00f3n y asistencia, dif\u00edcil de proporcionar en el servicio de urgencias debido a la alta demanda que este tiene. Esto puede desembocar en un mayor riesgo de complicaciones y peores resultados en los pacientes de este tipo. La miner\u00eda de procesos se utilizar\u00e1 para entender el proceso real para este tipo de pacientes y las diferencias con otros grupos. Los hallazgos ser\u00e1n utilizados para identificar mejoras. Estas mejoras estar\u00e1n dirigidas a reducir la estancia en urgencias y ser\u00e1n objeto de seguimiento y an\u00e1lisis mediante IPM para evaluar y asegurar la efectividad de \u00e9stas.","og_url":"https:\/\/valueproject.eu\/es\/caso-de-uso-pacientes-ancianos-fragiles\/","og_site_name":"VALUE Project","article_publisher":"https:\/\/www.facebook.com\/pg\/ValueEITHealth","article_published_time":"2021-01-20T10:27:29+00:00","article_modified_time":"2021-01-25T15:49:41+00:00","og_image":[{"url":"https:\/\/valueproject.eu\/wp-content\/uploads\/2020\/09\/ball-2585603_1920.jpg"}],"twitter_card":"summary_large_image","twitter_title":"Caso de uso: El Hospital Universitario Karolinska tiene como objetivo reducir el tiempo de estancia en el hospital mediante el an\u00e1lisis de los procesos con miner\u00eda de procesos","twitter_description":"Para m\u00e1s detalles, visite nuestra p\u00e1gina web: https:\/\/valueproject.eu\/","twitter_image":"https:\/\/i0.wp.com\/valueproject.eu\/wp-content\/uploads\/2020\/09\/ball-2585603_1920.jpg?fit=1920%2C1080&ssl=1","twitter_creator":"@ValueEIT","twitter_site":"@ValueEIT","twitter_misc":{"Escrito por":"Gema Iba\u00f1ez","Tiempo de lectura":"1 minuto"},"schema":{"@context":"https:\/\/schema.org","@graph":[{"@type":"Organization","@id":"https:\/\/valueproject.eu\/es\/#organization","name":"Value Project","url":"https:\/\/valueproject.eu\/es\/","sameAs":["https:\/\/www.facebook.com\/pg\/ValueEITHealth","https:\/\/www.youtube.com\/channel\/UC03FCjDIwMj5va7_Tm6_81Q","https:\/\/twitter.com\/ValueEIT"],"logo":{"@type":"ImageObject","@id":"https:\/\/valueproject.eu\/es\/#logo","inLanguage":"es","url":"https:\/\/i0.wp.com\/valueproject.eu\/wp-content\/uploads\/2020\/03\/logoValue003_01_.png?fit=2117%2C705&ssl=1","contentUrl":"https:\/\/i0.wp.com\/valueproject.eu\/wp-content\/uploads\/2020\/03\/logoValue003_01_.png?fit=2117%2C705&ssl=1","width":2117,"height":705,"caption":"Value Project"},"image":{"@id":"https:\/\/valueproject.eu\/es\/#logo"}},{"@type":"WebSite","@id":"https:\/\/valueproject.eu\/es\/#website","url":"https:\/\/valueproject.eu\/es\/","name":"VALUE Project","description":"Value based healthcare supported by process mining tools","publisher":{"@id":"https:\/\/valueproject.eu\/es\/#organization"},"potentialAction":[{"@type":"SearchAction","target":{"@type":"EntryPoint","urlTemplate":"https:\/\/valueproject.eu\/es\/?s={search_term_string}"},"query-input":"required name=search_term_string"}],"inLanguage":"es"},{"@type":"ImageObject","@id":"https:\/\/valueproject.eu\/es\/caso-de-uso-pacientes-ancianos-fragiles\/#primaryimage","inLanguage":"es","url":"","contentUrl":""},{"@type":"WebPage","@id":"https:\/\/valueproject.eu\/es\/caso-de-uso-pacientes-ancianos-fragiles\/#webpage","url":"https:\/\/valueproject.eu\/es\/caso-de-uso-pacientes-ancianos-fragiles\/","name":"CASO DE USO: Pacientes ancianos fr\u00e1giles &bull; VALUE Project","isPartOf":{"@id":"https:\/\/valueproject.eu\/es\/#website"},"primaryImageOfPage":{"@id":"https:\/\/valueproject.eu\/es\/caso-de-uso-pacientes-ancianos-fragiles\/#primaryimage"},"datePublished":"2021-01-20T10:27:29+00:00","dateModified":"2021-01-25T15:49:41+00:00","description":"Este caso de uso tiene como objetivo reducir la estancia de pacientes ancianos fr\u00e1giles en el Servicio de Urgencias del Hospital Universitario Karolinska.","breadcrumb":{"@id":"https:\/\/valueproject.eu\/es\/caso-de-uso-pacientes-ancianos-fragiles\/#breadcrumb"},"inLanguage":"es","potentialAction":[{"@type":"ReadAction","target":["https:\/\/valueproject.eu\/es\/caso-de-uso-pacientes-ancianos-fragiles\/"]}]},{"@type":"BreadcrumbList","@id":"https:\/\/valueproject.eu\/es\/caso-de-uso-pacientes-ancianos-fragiles\/#breadcrumb","itemListElement":[{"@type":"ListItem","position":1,"name":"Portada","item":"https:\/\/valueproject.eu\/es\/"},{"@type":"ListItem","position":2,"name":"CASO DE USO: Pacientes ancianos fr\u00e1giles"}]},{"@type":"Article","@id":"https:\/\/valueproject.eu\/es\/caso-de-uso-pacientes-ancianos-fragiles\/#article","isPartOf":{"@id":"https:\/\/valueproject.eu\/es\/caso-de-uso-pacientes-ancianos-fragiles\/#webpage"},"author":{"@id":"https:\/\/valueproject.eu\/es\/#\/schema\/person\/56bbfb0f907276b0749efc8263472343"},"headline":"CASO DE USO: Pacientes ancianos fr\u00e1giles","datePublished":"2021-01-20T10:27:29+00:00","dateModified":"2021-01-25T15:49:41+00:00","mainEntityOfPage":{"@id":"https:\/\/valueproject.eu\/es\/caso-de-uso-pacientes-ancianos-fragiles\/#webpage"},"wordCount":178,"commentCount":0,"publisher":{"@id":"https:\/\/valueproject.eu\/es\/#organization"},"image":{"@id":"https:\/\/valueproject.eu\/es\/caso-de-uso-pacientes-ancianos-fragiles\/#primaryimage"},"thumbnailUrl":"https:\/\/i0.wp.com\/valueproject.eu\/wp-content\/uploads\/2020\/09\/ball-2585603_1920.jpg?fit=1920%2C1080&ssl=1","keywords":["Ancianos fr\u00e1giles","Cuidado de la salud","Departamento de urgencias","Hospital Universitario Karolinska","Miner\u00eda de Procesos","Tiempo de estancia","VALUE","VBHC"],"articleSection":["Caso de uso"],"inLanguage":"es","potentialAction":[{"@type":"CommentAction","name":"Comment","target":["https:\/\/valueproject.eu\/es\/caso-de-uso-pacientes-ancianos-fragiles\/#respond"]}]},{"@type":"Person","@id":"https:\/\/valueproject.eu\/es\/#\/schema\/person\/56bbfb0f907276b0749efc8263472343","name":"Gema Iba\u00f1ez","image":{"@type":"ImageObject","@id":"https:\/\/valueproject.eu\/es\/#personlogo","inLanguage":"es","url":"https:\/\/secure.gravatar.com\/avatar\/146ce4b338f5dd738ad8ef2c9681840b?s=96&d=mm&r=g","contentUrl":"https:\/\/secure.gravatar.com\/avatar\/146ce4b338f5dd738ad8ef2c9681840b?s=96&d=mm&r=g","caption":"Gema Iba\u00f1ez"},"url":"https:\/\/valueproject.eu\/es\/author\/geibsan\/"}]}},"jetpack_sharing_enabled":true,"jetpack_featured_media_url":"https:\/\/i0.wp.com\/valueproject.eu\/wp-content\/uploads\/2020\/09\/ball-2585603_1920.jpg?fit=1920%2C1080&ssl=1","_links":{"self":[{"href":"https:\/\/valueproject.eu\/es\/wp-json\/wp\/v2\/posts\/1415"}],"collection":[{"href":"https:\/\/valueproject.eu\/es\/wp-json\/wp\/v2\/posts"}],"about":[{"href":"https:\/\/valueproject.eu\/es\/wp-json\/wp\/v2\/types\/post"}],"author":[{"embeddable":true,"href":"https:\/\/valueproject.eu\/es\/wp-json\/wp\/v2\/users\/2"}],"replies":[{"embeddable":true,"href":"https:\/\/valueproject.eu\/es\/wp-json\/wp\/v2\/comments?post=1415"}],"version-history":[{"count":7,"href":"https:\/\/valueproject.eu\/es\/wp-json\/wp\/v2\/posts\/1415\/revisions"}],"predecessor-version":[{"id":1595,"href":"https:\/\/valueproject.eu\/es\/wp-json\/wp\/v2\/posts\/1415\/revisions\/1595"}],"wp:featuredmedia":[{"embeddable":true,"href":"https:\/\/valueproject.eu\/es\/wp-json\/wp\/v2\/media\/1066"}],"wp:attachment":[{"href":"https:\/\/valueproject.eu\/es\/wp-json\/wp\/v2\/media?parent=1415"}],"wp:term":[{"taxonomy":"category","embeddable":true,"href":"https:\/\/valueproject.eu\/es\/wp-json\/wp\/v2\/categories?post=1415"},{"taxonomy":"post_tag","embeddable":true,"href":"https:\/\/valueproject.eu\/es\/wp-json\/wp\/v2\/tags?post=1415"}],"curies":[{"name":"wp","href":"https:\/\/api.w.org\/{rel}","templated":true}]}}