{"id":1425,"date":"2021-01-20T11:27:05","date_gmt":"2021-01-20T11:27:05","guid":{"rendered":"https:\/\/valueproject.eu\/caso-de-uso-infarto-cerebral-agudo\/"},"modified":"2021-01-25T15:41:16","modified_gmt":"2021-01-25T15:41:16","slug":"caso-de-uso-infarto-cerebral-agudo","status":"publish","type":"post","link":"https:\/\/valueproject.eu\/es\/caso-de-uso-infarto-cerebral-agudo\/","title":{"rendered":"CASO DE USO: Infarto cerebral agudo"},"content":{"rendered":"\n<p>El caso de uso en el Centro M\u00e9dico de la Universidad Erasmus, se centra en la v\u00eda cl\u00ednica del infarto cerebral isqu\u00e9mico agudo. El pron\u00f3stico depende significativamente de un diagn\u00f3stico r\u00e1pido y tiempo hasta el tratamiento, lo que se conoce como tiempo de inyecci\u00f3n. La v\u00eda de cl\u00ednica actual se ve afectada por numerosas dependencias que influyen en el tiempo real en que el paciente recibe un tratamiento adecuado. La hip\u00f3tesis de partida es que, al reducir la duraci\u00f3n de la estancia en la Unidad de Accidentes Cerebrovasculares, la ocupaci\u00f3n de camas y la carga de trabajo del personal tambi\u00e9n se reducir\u00e1n, lo que repercutir\u00e1 en una mejora del proceso que afectar\u00e1 el tiempo de inyecci\u00f3n y, finalmente, el resultado del paciente. <\/p>\n\n\n\n<p>La miner\u00eda de procesos interactiva se aplicar\u00e1 para realizar un an\u00e1lisis en profundidad de la ruta actual de atenci\u00f3n a ictus, con el objetivo de identificar las dependencias y consecuencias que son relevantes para el resultado del paciente (tanto en general como individualmente) y espec\u00edficamente aquellas que son relevantes para el tiempo de estancia del paciente en la Unidad de Accidentes Cerebrovasculares. <\/p>\n\n\n\n<figure class=\"wp-block-image size-large is-style-default\"><img fetchpriority=\"high\" decoding=\"async\" width=\"1024\" height=\"775\" src=\"https:\/\/i0.wp.com\/valueproject.eu\/wp-content\/uploads\/2020\/09\/brain-1845962_1920.jpg?resize=1024%2C775&#038;ssl=1\" alt=\"\" class=\"wp-image-1058\" srcset=\"https:\/\/i0.wp.com\/valueproject.eu\/wp-content\/uploads\/2020\/09\/brain-1845962_1920.jpg?resize=1024%2C775&amp;ssl=1 1024w, https:\/\/i0.wp.com\/valueproject.eu\/wp-content\/uploads\/2020\/09\/brain-1845962_1920.jpg?resize=300%2C227&amp;ssl=1 300w, https:\/\/i0.wp.com\/valueproject.eu\/wp-content\/uploads\/2020\/09\/brain-1845962_1920.jpg?resize=768%2C581&amp;ssl=1 768w, https:\/\/i0.wp.com\/valueproject.eu\/wp-content\/uploads\/2020\/09\/brain-1845962_1920.jpg?resize=1536%2C1162&amp;ssl=1 1536w, https:\/\/i0.wp.com\/valueproject.eu\/wp-content\/uploads\/2020\/09\/brain-1845962_1920.jpg?resize=800%2C605&amp;ssl=1 800w, https:\/\/i0.wp.com\/valueproject.eu\/wp-content\/uploads\/2020\/09\/brain-1845962_1920.jpg?w=1920&amp;ssl=1 1920w\" sizes=\"(max-width: 1000px) 100vw, 1000px\" data-recalc-dims=\"1\" \/><\/figure>\n","protected":false},"excerpt":{"rendered":"<p>El caso de uso en EMC se centra en la atenci\u00f3n del infarto cerebral isqu\u00e9mico agudo con el prop\u00f3sito de reducir la duraci\u00f3n de estancia en dicha unidad, la ocupaci\u00f3n de camas y la carga de trabajo del personal.<\/p>\n","protected":false},"author":2,"featured_media":1058,"comment_status":"open","ping_status":"open","sticky":false,"template":"","format":"standard","meta":{"_mi_skip_tracking":false,"footnotes":""},"categories":[49],"tags":[57,62,63,51,52,60,61],"yoast_head":"<!-- This site is optimized with the Yoast SEO plugin v18.6 - https:\/\/yoast.com\/wordpress\/plugins\/seo\/ -->\n<title>CASO DE USO: Infarto cerebral agudo &bull; VALUE Project<\/title>\n<meta name=\"description\" content=\"El caso de uso en EMC se centra en la atenci\u00f3n del infarto cerebral isqu\u00e9mico agudo con el prop\u00f3sito de reducir la duraci\u00f3n de estancia en dicha unidad, la ocupaci\u00f3n de camas y la carga de trabajo del personal.\" \/>\n<meta name=\"robots\" content=\"index, follow, max-snippet:-1, max-image-preview:large, max-video-preview:-1\" \/>\n<link rel=\"canonical\" href=\"https:\/\/valueproject.eu\/es\/caso-de-uso-infarto-cerebral-agudo\/\" \/>\n<meta property=\"og:locale\" content=\"es_ES\" \/>\n<meta property=\"og:type\" content=\"article\" \/>\n<meta property=\"og:title\" content=\"CASO DE USO: Infarto cerebral agudo &bull; VALUE Project\" \/>\n<meta property=\"og:description\" content=\"El caso de uso en EMC se centra en la atenci\u00f3n del infarto cerebral isqu\u00e9mico agudo con el prop\u00f3sito de reducir la duraci\u00f3n de estancia en dicha unidad, la ocupaci\u00f3n de camas y la carga de trabajo del personal.\" \/>\n<meta property=\"og:url\" content=\"https:\/\/valueproject.eu\/es\/caso-de-uso-infarto-cerebral-agudo\/\" \/>\n<meta property=\"og:site_name\" content=\"VALUE Project\" \/>\n<meta property=\"article:publisher\" content=\"https:\/\/www.facebook.com\/pg\/ValueEITHealth\" \/>\n<meta property=\"article:published_time\" content=\"2021-01-20T11:27:05+00:00\" \/>\n<meta property=\"article:modified_time\" content=\"2021-01-25T15:41:16+00:00\" \/>\n<meta property=\"og:image\" content=\"https:\/\/i0.wp.com\/valueproject.eu\/wp-content\/uploads\/2020\/09\/brain-1845962_1920.jpg?fit=1920%2C1453&#038;ssl=1\" \/>\n\t<meta property=\"og:image:width\" content=\"1920\" \/>\n\t<meta property=\"og:image:height\" content=\"1453\" \/>\n\t<meta property=\"og:image:type\" content=\"image\/jpeg\" \/>\n<meta name=\"twitter:card\" content=\"summary_large_image\" \/>\n<meta name=\"twitter:creator\" content=\"@ValueEIT\" \/>\n<meta name=\"twitter:site\" content=\"@ValueEIT\" \/>\n<meta name=\"twitter:label1\" content=\"Escrito por\" \/>\n\t<meta name=\"twitter:data1\" content=\"Gema Iba\u00f1ez\" \/>\n\t<meta name=\"twitter:label2\" content=\"Tiempo de lectura\" \/>\n\t<meta name=\"twitter:data2\" content=\"1 minuto\" \/>\n<script type=\"application\/ld+json\" class=\"yoast-schema-graph\">{\"@context\":\"https:\/\/schema.org\",\"@graph\":[{\"@type\":\"Organization\",\"@id\":\"https:\/\/valueproject.eu\/es\/#organization\",\"name\":\"Value Project\",\"url\":\"https:\/\/valueproject.eu\/es\/\",\"sameAs\":[\"https:\/\/www.facebook.com\/pg\/ValueEITHealth\",\"https:\/\/www.youtube.com\/channel\/UC03FCjDIwMj5va7_Tm6_81Q\",\"https:\/\/twitter.com\/ValueEIT\"],\"logo\":{\"@type\":\"ImageObject\",\"@id\":\"https:\/\/valueproject.eu\/es\/#logo\",\"inLanguage\":\"es\",\"url\":\"https:\/\/i0.wp.com\/valueproject.eu\/wp-content\/uploads\/2020\/03\/logoValue003_01_.png?fit=2117%2C705&ssl=1\",\"contentUrl\":\"https:\/\/i0.wp.com\/valueproject.eu\/wp-content\/uploads\/2020\/03\/logoValue003_01_.png?fit=2117%2C705&ssl=1\",\"width\":2117,\"height\":705,\"caption\":\"Value Project\"},\"image\":{\"@id\":\"https:\/\/valueproject.eu\/es\/#logo\"}},{\"@type\":\"WebSite\",\"@id\":\"https:\/\/valueproject.eu\/es\/#website\",\"url\":\"https:\/\/valueproject.eu\/es\/\",\"name\":\"VALUE Project\",\"description\":\"Value based healthcare supported by process mining tools\",\"publisher\":{\"@id\":\"https:\/\/valueproject.eu\/es\/#organization\"},\"potentialAction\":[{\"@type\":\"SearchAction\",\"target\":{\"@type\":\"EntryPoint\",\"urlTemplate\":\"https:\/\/valueproject.eu\/es\/?s={search_term_string}\"},\"query-input\":\"required name=search_term_string\"}],\"inLanguage\":\"es\"},{\"@type\":\"ImageObject\",\"@id\":\"https:\/\/valueproject.eu\/es\/caso-de-uso-infarto-cerebral-agudo\/#primaryimage\",\"inLanguage\":\"es\",\"url\":\"https:\/\/i0.wp.com\/valueproject.eu\/wp-content\/uploads\/2020\/09\/brain-1845962_1920.jpg?fit=1920%2C1453&ssl=1\",\"contentUrl\":\"https:\/\/i0.wp.com\/valueproject.eu\/wp-content\/uploads\/2020\/09\/brain-1845962_1920.jpg?fit=1920%2C1453&ssl=1\",\"width\":1920,\"height\":1453},{\"@type\":\"WebPage\",\"@id\":\"https:\/\/valueproject.eu\/es\/caso-de-uso-infarto-cerebral-agudo\/#webpage\",\"url\":\"https:\/\/valueproject.eu\/es\/caso-de-uso-infarto-cerebral-agudo\/\",\"name\":\"CASO DE USO: Infarto cerebral agudo &bull; VALUE Project\",\"isPartOf\":{\"@id\":\"https:\/\/valueproject.eu\/es\/#website\"},\"primaryImageOfPage\":{\"@id\":\"https:\/\/valueproject.eu\/es\/caso-de-uso-infarto-cerebral-agudo\/#primaryimage\"},\"datePublished\":\"2021-01-20T11:27:05+00:00\",\"dateModified\":\"2021-01-25T15:41:16+00:00\",\"description\":\"El caso de uso en EMC se centra en la atenci\u00f3n del infarto cerebral isqu\u00e9mico agudo con el prop\u00f3sito de reducir la duraci\u00f3n de estancia en dicha unidad, la ocupaci\u00f3n de camas y la carga de trabajo del personal.\",\"breadcrumb\":{\"@id\":\"https:\/\/valueproject.eu\/es\/caso-de-uso-infarto-cerebral-agudo\/#breadcrumb\"},\"inLanguage\":\"es\",\"potentialAction\":[{\"@type\":\"ReadAction\",\"target\":[\"https:\/\/valueproject.eu\/es\/caso-de-uso-infarto-cerebral-agudo\/\"]}]},{\"@type\":\"BreadcrumbList\",\"@id\":\"https:\/\/valueproject.eu\/es\/caso-de-uso-infarto-cerebral-agudo\/#breadcrumb\",\"itemListElement\":[{\"@type\":\"ListItem\",\"position\":1,\"name\":\"Portada\",\"item\":\"https:\/\/valueproject.eu\/es\/\"},{\"@type\":\"ListItem\",\"position\":2,\"name\":\"CASO DE USO: Infarto cerebral agudo\"}]},{\"@type\":\"Article\",\"@id\":\"https:\/\/valueproject.eu\/es\/caso-de-uso-infarto-cerebral-agudo\/#article\",\"isPartOf\":{\"@id\":\"https:\/\/valueproject.eu\/es\/caso-de-uso-infarto-cerebral-agudo\/#webpage\"},\"author\":{\"@id\":\"https:\/\/valueproject.eu\/es\/#\/schema\/person\/56bbfb0f907276b0749efc8263472343\"},\"headline\":\"CASO DE USO: Infarto cerebral agudo\",\"datePublished\":\"2021-01-20T11:27:05+00:00\",\"dateModified\":\"2021-01-25T15:41:16+00:00\",\"mainEntityOfPage\":{\"@id\":\"https:\/\/valueproject.eu\/es\/caso-de-uso-infarto-cerebral-agudo\/#webpage\"},\"wordCount\":210,\"commentCount\":0,\"publisher\":{\"@id\":\"https:\/\/valueproject.eu\/es\/#organization\"},\"image\":{\"@id\":\"https:\/\/valueproject.eu\/es\/caso-de-uso-infarto-cerebral-agudo\/#primaryimage\"},\"thumbnailUrl\":\"https:\/\/i0.wp.com\/valueproject.eu\/wp-content\/uploads\/2020\/09\/brain-1845962_1920.jpg?fit=1920%2C1453&ssl=1\",\"keywords\":[\"Cuidado de la salud\",\"Erasmus MC\",\"Infarto cerebral isqu\u00e9mico\",\"Miner\u00eda de Procesos\",\"VALUE\",\"VBHC\",\"V\u00eda cl\u00ednica\"],\"articleSection\":[\"Caso de uso\"],\"inLanguage\":\"es\",\"potentialAction\":[{\"@type\":\"CommentAction\",\"name\":\"Comment\",\"target\":[\"https:\/\/valueproject.eu\/es\/caso-de-uso-infarto-cerebral-agudo\/#respond\"]}]},{\"@type\":\"Person\",\"@id\":\"https:\/\/valueproject.eu\/es\/#\/schema\/person\/56bbfb0f907276b0749efc8263472343\",\"name\":\"Gema Iba\u00f1ez\",\"image\":{\"@type\":\"ImageObject\",\"@id\":\"https:\/\/valueproject.eu\/es\/#personlogo\",\"inLanguage\":\"es\",\"url\":\"https:\/\/secure.gravatar.com\/avatar\/146ce4b338f5dd738ad8ef2c9681840b?s=96&d=mm&r=g\",\"contentUrl\":\"https:\/\/secure.gravatar.com\/avatar\/146ce4b338f5dd738ad8ef2c9681840b?s=96&d=mm&r=g\",\"caption\":\"Gema Iba\u00f1ez\"},\"url\":\"https:\/\/valueproject.eu\/es\/author\/geibsan\/\"}]}<\/script>\n<!-- \/ Yoast SEO plugin. -->","yoast_head_json":{"title":"CASO DE USO: Infarto cerebral agudo &bull; VALUE Project","description":"El caso de uso en EMC se centra en la atenci\u00f3n del infarto cerebral isqu\u00e9mico agudo con el prop\u00f3sito de reducir la duraci\u00f3n de estancia en dicha unidad, la ocupaci\u00f3n de camas y la carga de trabajo del personal.","robots":{"index":"index","follow":"follow","max-snippet":"max-snippet:-1","max-image-preview":"max-image-preview:large","max-video-preview":"max-video-preview:-1"},"canonical":"https:\/\/valueproject.eu\/es\/caso-de-uso-infarto-cerebral-agudo\/","og_locale":"es_ES","og_type":"article","og_title":"CASO DE USO: Infarto cerebral agudo &bull; VALUE Project","og_description":"El caso de uso en EMC se centra en la atenci\u00f3n del infarto cerebral isqu\u00e9mico agudo con el prop\u00f3sito de reducir la duraci\u00f3n de estancia en dicha unidad, la ocupaci\u00f3n de camas y la carga de trabajo del personal.","og_url":"https:\/\/valueproject.eu\/es\/caso-de-uso-infarto-cerebral-agudo\/","og_site_name":"VALUE Project","article_publisher":"https:\/\/www.facebook.com\/pg\/ValueEITHealth","article_published_time":"2021-01-20T11:27:05+00:00","article_modified_time":"2021-01-25T15:41:16+00:00","og_image":[{"width":1920,"height":1453,"url":"https:\/\/i0.wp.com\/valueproject.eu\/wp-content\/uploads\/2020\/09\/brain-1845962_1920.jpg?fit=1920%2C1453&ssl=1","type":"image\/jpeg"}],"twitter_card":"summary_large_image","twitter_creator":"@ValueEIT","twitter_site":"@ValueEIT","twitter_misc":{"Escrito por":"Gema Iba\u00f1ez","Tiempo de lectura":"1 minuto"},"schema":{"@context":"https:\/\/schema.org","@graph":[{"@type":"Organization","@id":"https:\/\/valueproject.eu\/es\/#organization","name":"Value Project","url":"https:\/\/valueproject.eu\/es\/","sameAs":["https:\/\/www.facebook.com\/pg\/ValueEITHealth","https:\/\/www.youtube.com\/channel\/UC03FCjDIwMj5va7_Tm6_81Q","https:\/\/twitter.com\/ValueEIT"],"logo":{"@type":"ImageObject","@id":"https:\/\/valueproject.eu\/es\/#logo","inLanguage":"es","url":"https:\/\/i0.wp.com\/valueproject.eu\/wp-content\/uploads\/2020\/03\/logoValue003_01_.png?fit=2117%2C705&ssl=1","contentUrl":"https:\/\/i0.wp.com\/valueproject.eu\/wp-content\/uploads\/2020\/03\/logoValue003_01_.png?fit=2117%2C705&ssl=1","width":2117,"height":705,"caption":"Value Project"},"image":{"@id":"https:\/\/valueproject.eu\/es\/#logo"}},{"@type":"WebSite","@id":"https:\/\/valueproject.eu\/es\/#website","url":"https:\/\/valueproject.eu\/es\/","name":"VALUE Project","description":"Value based healthcare supported by process mining tools","publisher":{"@id":"https:\/\/valueproject.eu\/es\/#organization"},"potentialAction":[{"@type":"SearchAction","target":{"@type":"EntryPoint","urlTemplate":"https:\/\/valueproject.eu\/es\/?s={search_term_string}"},"query-input":"required name=search_term_string"}],"inLanguage":"es"},{"@type":"ImageObject","@id":"https:\/\/valueproject.eu\/es\/caso-de-uso-infarto-cerebral-agudo\/#primaryimage","inLanguage":"es","url":"https:\/\/i0.wp.com\/valueproject.eu\/wp-content\/uploads\/2020\/09\/brain-1845962_1920.jpg?fit=1920%2C1453&ssl=1","contentUrl":"https:\/\/i0.wp.com\/valueproject.eu\/wp-content\/uploads\/2020\/09\/brain-1845962_1920.jpg?fit=1920%2C1453&ssl=1","width":1920,"height":1453},{"@type":"WebPage","@id":"https:\/\/valueproject.eu\/es\/caso-de-uso-infarto-cerebral-agudo\/#webpage","url":"https:\/\/valueproject.eu\/es\/caso-de-uso-infarto-cerebral-agudo\/","name":"CASO DE USO: Infarto cerebral agudo &bull; VALUE Project","isPartOf":{"@id":"https:\/\/valueproject.eu\/es\/#website"},"primaryImageOfPage":{"@id":"https:\/\/valueproject.eu\/es\/caso-de-uso-infarto-cerebral-agudo\/#primaryimage"},"datePublished":"2021-01-20T11:27:05+00:00","dateModified":"2021-01-25T15:41:16+00:00","description":"El caso de uso en EMC se centra en la atenci\u00f3n del infarto cerebral isqu\u00e9mico agudo con el prop\u00f3sito de reducir la duraci\u00f3n de estancia en dicha unidad, la ocupaci\u00f3n de camas y la carga de trabajo del personal.","breadcrumb":{"@id":"https:\/\/valueproject.eu\/es\/caso-de-uso-infarto-cerebral-agudo\/#breadcrumb"},"inLanguage":"es","potentialAction":[{"@type":"ReadAction","target":["https:\/\/valueproject.eu\/es\/caso-de-uso-infarto-cerebral-agudo\/"]}]},{"@type":"BreadcrumbList","@id":"https:\/\/valueproject.eu\/es\/caso-de-uso-infarto-cerebral-agudo\/#breadcrumb","itemListElement":[{"@type":"ListItem","position":1,"name":"Portada","item":"https:\/\/valueproject.eu\/es\/"},{"@type":"ListItem","position":2,"name":"CASO DE USO: Infarto cerebral agudo"}]},{"@type":"Article","@id":"https:\/\/valueproject.eu\/es\/caso-de-uso-infarto-cerebral-agudo\/#article","isPartOf":{"@id":"https:\/\/valueproject.eu\/es\/caso-de-uso-infarto-cerebral-agudo\/#webpage"},"author":{"@id":"https:\/\/valueproject.eu\/es\/#\/schema\/person\/56bbfb0f907276b0749efc8263472343"},"headline":"CASO DE USO: Infarto cerebral agudo","datePublished":"2021-01-20T11:27:05+00:00","dateModified":"2021-01-25T15:41:16+00:00","mainEntityOfPage":{"@id":"https:\/\/valueproject.eu\/es\/caso-de-uso-infarto-cerebral-agudo\/#webpage"},"wordCount":210,"commentCount":0,"publisher":{"@id":"https:\/\/valueproject.eu\/es\/#organization"},"image":{"@id":"https:\/\/valueproject.eu\/es\/caso-de-uso-infarto-cerebral-agudo\/#primaryimage"},"thumbnailUrl":"https:\/\/i0.wp.com\/valueproject.eu\/wp-content\/uploads\/2020\/09\/brain-1845962_1920.jpg?fit=1920%2C1453&ssl=1","keywords":["Cuidado de la salud","Erasmus MC","Infarto cerebral isqu\u00e9mico","Miner\u00eda de Procesos","VALUE","VBHC","V\u00eda cl\u00ednica"],"articleSection":["Caso de uso"],"inLanguage":"es","potentialAction":[{"@type":"CommentAction","name":"Comment","target":["https:\/\/valueproject.eu\/es\/caso-de-uso-infarto-cerebral-agudo\/#respond"]}]},{"@type":"Person","@id":"https:\/\/valueproject.eu\/es\/#\/schema\/person\/56bbfb0f907276b0749efc8263472343","name":"Gema Iba\u00f1ez","image":{"@type":"ImageObject","@id":"https:\/\/valueproject.eu\/es\/#personlogo","inLanguage":"es","url":"https:\/\/secure.gravatar.com\/avatar\/146ce4b338f5dd738ad8ef2c9681840b?s=96&d=mm&r=g","contentUrl":"https:\/\/secure.gravatar.com\/avatar\/146ce4b338f5dd738ad8ef2c9681840b?s=96&d=mm&r=g","caption":"Gema Iba\u00f1ez"},"url":"https:\/\/valueproject.eu\/es\/author\/geibsan\/"}]}},"jetpack_sharing_enabled":true,"jetpack_featured_media_url":"https:\/\/i0.wp.com\/valueproject.eu\/wp-content\/uploads\/2020\/09\/brain-1845962_1920.jpg?fit=1920%2C1453&ssl=1","_links":{"self":[{"href":"https:\/\/valueproject.eu\/es\/wp-json\/wp\/v2\/posts\/1425"}],"collection":[{"href":"https:\/\/valueproject.eu\/es\/wp-json\/wp\/v2\/posts"}],"about":[{"href":"https:\/\/valueproject.eu\/es\/wp-json\/wp\/v2\/types\/post"}],"author":[{"embeddable":true,"href":"https:\/\/valueproject.eu\/es\/wp-json\/wp\/v2\/users\/2"}],"replies":[{"embeddable":true,"href":"https:\/\/valueproject.eu\/es\/wp-json\/wp\/v2\/comments?post=1425"}],"version-history":[{"count":6,"href":"https:\/\/valueproject.eu\/es\/wp-json\/wp\/v2\/posts\/1425\/revisions"}],"predecessor-version":[{"id":1590,"href":"https:\/\/valueproject.eu\/es\/wp-json\/wp\/v2\/posts\/1425\/revisions\/1590"}],"wp:featuredmedia":[{"embeddable":true,"href":"https:\/\/valueproject.eu\/es\/wp-json\/wp\/v2\/media\/1058"}],"wp:attachment":[{"href":"https:\/\/valueproject.eu\/es\/wp-json\/wp\/v2\/media?parent=1425"}],"wp:term":[{"taxonomy":"category","embeddable":true,"href":"https:\/\/valueproject.eu\/es\/wp-json\/wp\/v2\/categories?post=1425"},{"taxonomy":"post_tag","embeddable":true,"href":"https:\/\/valueproject.eu\/es\/wp-json\/wp\/v2\/tags?post=1425"}],"curies":[{"name":"wp","href":"https:\/\/api.w.org\/{rel}","templated":true}]}}