{"id":1429,"date":"2021-01-20T11:34:12","date_gmt":"2021-01-20T11:34:12","guid":{"rendered":"https:\/\/valueproject.eu\/caso-de-uso-via-clincia-en-emergencias-por-infarto-de-miocardio\/"},"modified":"2021-01-25T21:53:41","modified_gmt":"2021-01-25T21:53:41","slug":"caso-de-uso-via-clinicia-en-emergencias-por-infarto-de-miocardio","status":"publish","type":"post","link":"https:\/\/valueproject.eu\/es\/caso-de-uso-via-clinicia-en-emergencias-por-infarto-de-miocardio\/","title":{"rendered":"CASO DE USO: V\u00eda cl\u00ednicia en urgencias por infarto de miocardio"},"content":{"rendered":"\n<p>En el Centro Hospitalar e Universit\u00e1rio de Coimbra, el caso de uso se centrar\u00e1 en la v\u00eda de atenci\u00f3n en urgencias del infarto de miocardio. En la actualidad, la regi\u00f3n central de Portugal est\u00e1 sufriendo de una mayor mortalidad por infarto de miocardio con elevaci\u00f3n del ST. El acceso a la terapia de reperfusi\u00f3n es clave para un pron\u00f3stico favorable. La angioplastia requiere de un equipo de atenci\u00f3n especializado disponible las 24 horas del d\u00eda, los 7 d\u00edas de la semana, pero los recursos son limitados y est\u00e1n disponibles en todos los centros. <\/p>\n\n\n\n<p>El objetivo es identificar qu\u00e9 regiones est\u00e1n experimentando mayor tiempo de acceso a reperfusi\u00f3n y qu\u00e9 regiones sufren mayor mortalidad. El an\u00e1lisis de los datos con miner\u00eda de procesos interactiva permitir\u00e1 evaluar el impacto de establecer una nueva instalaci\u00f3n de PCI en la regi\u00f3n. A trav\u00e9s de la simulaci\u00f3n basada en estos modelos, ser\u00e1 posible evaluar la mejora en la reducci\u00f3n del tiempo de reperfusi\u00f3n en aquellas regiones que m\u00e1s lo necesitan. Al asignar recursos a regiones concretas, se espera una mejora en la salud del paciente. <\/p>\n\n\n\n<figure class=\"wp-block-image size-large is-style-default\"><img fetchpriority=\"high\" decoding=\"async\" width=\"1024\" height=\"576\" src=\"https:\/\/i0.wp.com\/valueproject.eu\/wp-content\/uploads\/2020\/09\/heart-1767552_1920.jpg?resize=1024%2C576&#038;ssl=1\" alt=\"\" class=\"wp-image-1054\" srcset=\"https:\/\/i0.wp.com\/valueproject.eu\/wp-content\/uploads\/2020\/09\/heart-1767552_1920.jpg?resize=1024%2C576&amp;ssl=1 1024w, https:\/\/i0.wp.com\/valueproject.eu\/wp-content\/uploads\/2020\/09\/heart-1767552_1920.jpg?resize=300%2C169&amp;ssl=1 300w, https:\/\/i0.wp.com\/valueproject.eu\/wp-content\/uploads\/2020\/09\/heart-1767552_1920.jpg?resize=768%2C432&amp;ssl=1 768w, https:\/\/i0.wp.com\/valueproject.eu\/wp-content\/uploads\/2020\/09\/heart-1767552_1920.jpg?resize=1536%2C864&amp;ssl=1 1536w, https:\/\/i0.wp.com\/valueproject.eu\/wp-content\/uploads\/2020\/09\/heart-1767552_1920.jpg?resize=800%2C450&amp;ssl=1 800w, https:\/\/i0.wp.com\/valueproject.eu\/wp-content\/uploads\/2020\/09\/heart-1767552_1920.jpg?w=1920&amp;ssl=1 1920w\" sizes=\"(max-width: 1000px) 100vw, 1000px\" data-recalc-dims=\"1\" \/><\/figure>\n","protected":false},"excerpt":{"rendered":"<p>El caso de uso de atenci\u00f3n en emergencias del infarto de miocardio tiene como principal objetivo reducir el tiempo de reperfusi\u00f3n en las regiones de Portugal que m\u00e1s lo necesitan.<\/p>\n","protected":false},"author":2,"featured_media":1054,"comment_status":"open","ping_status":"open","sticky":false,"template":"","format":"standard","meta":{"_mi_skip_tracking":false,"footnotes":""},"categories":[49],"tags":[66,64,65,57,67,51,52,60],"yoast_head":"<!-- This site is optimized with the Yoast SEO plugin v18.6 - https:\/\/yoast.com\/wordpress\/plugins\/seo\/ -->\n<title>CASO DE USO: V\u00eda cl\u00ednicia en urgencias por infarto de miocardio &bull; VALUE Project<\/title>\n<meta name=\"robots\" content=\"index, follow, max-snippet:-1, max-image-preview:large, max-video-preview:-1\" \/>\n<link rel=\"canonical\" href=\"https:\/\/valueproject.eu\/es\/caso-de-uso-via-clinicia-en-emergencias-por-infarto-de-miocardio\/\" \/>\n<meta property=\"og:locale\" content=\"es_ES\" \/>\n<meta property=\"og:type\" content=\"article\" \/>\n<meta property=\"og:title\" content=\"CASO DE USO: V\u00eda cl\u00ednicia en urgencias por infarto de miocardio &bull; VALUE Project\" \/>\n<meta property=\"og:description\" content=\"El caso de uso de atenci\u00f3n en emergencias del infarto de miocardio tiene como principal objetivo reducir el tiempo de reperfusi\u00f3n en las regiones de Portugal que m\u00e1s lo necesitan.\" \/>\n<meta property=\"og:url\" content=\"https:\/\/valueproject.eu\/es\/caso-de-uso-via-clinicia-en-emergencias-por-infarto-de-miocardio\/\" \/>\n<meta property=\"og:site_name\" content=\"VALUE Project\" \/>\n<meta property=\"article:publisher\" content=\"https:\/\/www.facebook.com\/pg\/ValueEITHealth\" \/>\n<meta property=\"article:published_time\" content=\"2021-01-20T11:34:12+00:00\" \/>\n<meta property=\"article:modified_time\" content=\"2021-01-25T21:53:41+00:00\" \/>\n<meta property=\"og:image\" content=\"https:\/\/i0.wp.com\/valueproject.eu\/wp-content\/uploads\/2020\/09\/heart-1767552_1920.jpg?fit=1920%2C1080&#038;ssl=1\" \/>\n\t<meta property=\"og:image:width\" content=\"1920\" \/>\n\t<meta property=\"og:image:height\" content=\"1080\" \/>\n\t<meta property=\"og:image:type\" content=\"image\/jpeg\" \/>\n<meta name=\"twitter:card\" content=\"summary_large_image\" \/>\n<meta name=\"twitter:creator\" content=\"@ValueEIT\" \/>\n<meta name=\"twitter:site\" content=\"@ValueEIT\" \/>\n<meta name=\"twitter:label1\" content=\"Escrito por\" \/>\n\t<meta name=\"twitter:data1\" content=\"Gema Iba\u00f1ez\" \/>\n\t<meta name=\"twitter:label2\" content=\"Tiempo de lectura\" \/>\n\t<meta name=\"twitter:data2\" content=\"1 minuto\" \/>\n<script type=\"application\/ld+json\" class=\"yoast-schema-graph\">{\"@context\":\"https:\/\/schema.org\",\"@graph\":[{\"@type\":\"Organization\",\"@id\":\"https:\/\/valueproject.eu\/es\/#organization\",\"name\":\"Value Project\",\"url\":\"https:\/\/valueproject.eu\/es\/\",\"sameAs\":[\"https:\/\/www.facebook.com\/pg\/ValueEITHealth\",\"https:\/\/www.youtube.com\/channel\/UC03FCjDIwMj5va7_Tm6_81Q\",\"https:\/\/twitter.com\/ValueEIT\"],\"logo\":{\"@type\":\"ImageObject\",\"@id\":\"https:\/\/valueproject.eu\/es\/#logo\",\"inLanguage\":\"es\",\"url\":\"https:\/\/i0.wp.com\/valueproject.eu\/wp-content\/uploads\/2020\/03\/logoValue003_01_.png?fit=2117%2C705&ssl=1\",\"contentUrl\":\"https:\/\/i0.wp.com\/valueproject.eu\/wp-content\/uploads\/2020\/03\/logoValue003_01_.png?fit=2117%2C705&ssl=1\",\"width\":2117,\"height\":705,\"caption\":\"Value Project\"},\"image\":{\"@id\":\"https:\/\/valueproject.eu\/es\/#logo\"}},{\"@type\":\"WebSite\",\"@id\":\"https:\/\/valueproject.eu\/es\/#website\",\"url\":\"https:\/\/valueproject.eu\/es\/\",\"name\":\"VALUE Project\",\"description\":\"Value based healthcare supported by process mining tools\",\"publisher\":{\"@id\":\"https:\/\/valueproject.eu\/es\/#organization\"},\"potentialAction\":[{\"@type\":\"SearchAction\",\"target\":{\"@type\":\"EntryPoint\",\"urlTemplate\":\"https:\/\/valueproject.eu\/es\/?s={search_term_string}\"},\"query-input\":\"required name=search_term_string\"}],\"inLanguage\":\"es\"},{\"@type\":\"ImageObject\",\"@id\":\"https:\/\/valueproject.eu\/es\/caso-de-uso-via-clinicia-en-emergencias-por-infarto-de-miocardio\/#primaryimage\",\"inLanguage\":\"es\",\"url\":\"https:\/\/i0.wp.com\/valueproject.eu\/wp-content\/uploads\/2020\/09\/heart-1767552_1920.jpg?fit=1920%2C1080&ssl=1\",\"contentUrl\":\"https:\/\/i0.wp.com\/valueproject.eu\/wp-content\/uploads\/2020\/09\/heart-1767552_1920.jpg?fit=1920%2C1080&ssl=1\",\"width\":1920,\"height\":1080},{\"@type\":\"WebPage\",\"@id\":\"https:\/\/valueproject.eu\/es\/caso-de-uso-via-clinicia-en-emergencias-por-infarto-de-miocardio\/#webpage\",\"url\":\"https:\/\/valueproject.eu\/es\/caso-de-uso-via-clinicia-en-emergencias-por-infarto-de-miocardio\/\",\"name\":\"CASO DE USO: V\u00eda cl\u00ednicia en urgencias por infarto de miocardio &bull; VALUE Project\",\"isPartOf\":{\"@id\":\"https:\/\/valueproject.eu\/es\/#website\"},\"primaryImageOfPage\":{\"@id\":\"https:\/\/valueproject.eu\/es\/caso-de-uso-via-clinicia-en-emergencias-por-infarto-de-miocardio\/#primaryimage\"},\"datePublished\":\"2021-01-20T11:34:12+00:00\",\"dateModified\":\"2021-01-25T21:53:41+00:00\",\"breadcrumb\":{\"@id\":\"https:\/\/valueproject.eu\/es\/caso-de-uso-via-clinicia-en-emergencias-por-infarto-de-miocardio\/#breadcrumb\"},\"inLanguage\":\"es\",\"potentialAction\":[{\"@type\":\"ReadAction\",\"target\":[\"https:\/\/valueproject.eu\/es\/caso-de-uso-via-clinicia-en-emergencias-por-infarto-de-miocardio\/\"]}]},{\"@type\":\"BreadcrumbList\",\"@id\":\"https:\/\/valueproject.eu\/es\/caso-de-uso-via-clinicia-en-emergencias-por-infarto-de-miocardio\/#breadcrumb\",\"itemListElement\":[{\"@type\":\"ListItem\",\"position\":1,\"name\":\"Portada\",\"item\":\"https:\/\/valueproject.eu\/es\/\"},{\"@type\":\"ListItem\",\"position\":2,\"name\":\"CASO DE USO: V\u00eda cl\u00ednicia en urgencias por infarto de miocardio\"}]},{\"@type\":\"Article\",\"@id\":\"https:\/\/valueproject.eu\/es\/caso-de-uso-via-clinicia-en-emergencias-por-infarto-de-miocardio\/#article\",\"isPartOf\":{\"@id\":\"https:\/\/valueproject.eu\/es\/caso-de-uso-via-clinicia-en-emergencias-por-infarto-de-miocardio\/#webpage\"},\"author\":{\"@id\":\"https:\/\/valueproject.eu\/es\/#\/schema\/person\/56bbfb0f907276b0749efc8263472343\"},\"headline\":\"CASO DE USO: V\u00eda cl\u00ednicia en urgencias por infarto de miocardio\",\"datePublished\":\"2021-01-20T11:34:12+00:00\",\"dateModified\":\"2021-01-25T21:53:41+00:00\",\"mainEntityOfPage\":{\"@id\":\"https:\/\/valueproject.eu\/es\/caso-de-uso-via-clinicia-en-emergencias-por-infarto-de-miocardio\/#webpage\"},\"wordCount\":213,\"commentCount\":0,\"publisher\":{\"@id\":\"https:\/\/valueproject.eu\/es\/#organization\"},\"image\":{\"@id\":\"https:\/\/valueproject.eu\/es\/caso-de-uso-via-clinicia-en-emergencias-por-infarto-de-miocardio\/#primaryimage\"},\"thumbnailUrl\":\"https:\/\/i0.wp.com\/valueproject.eu\/wp-content\/uploads\/2020\/09\/heart-1767552_1920.jpg?fit=1920%2C1080&ssl=1\",\"keywords\":[\"Atenci\u00f3n en emergencias\",\"Centro Hospitalar e Universit\u00e1rio de Coimbra\",\"CHUC\",\"Cuidado de la salud\",\"Infarto de miocardio\",\"Miner\u00eda de Procesos\",\"VALUE\",\"VBHC\"],\"articleSection\":[\"Caso de uso\"],\"inLanguage\":\"es\",\"potentialAction\":[{\"@type\":\"CommentAction\",\"name\":\"Comment\",\"target\":[\"https:\/\/valueproject.eu\/es\/caso-de-uso-via-clinicia-en-emergencias-por-infarto-de-miocardio\/#respond\"]}]},{\"@type\":\"Person\",\"@id\":\"https:\/\/valueproject.eu\/es\/#\/schema\/person\/56bbfb0f907276b0749efc8263472343\",\"name\":\"Gema Iba\u00f1ez\",\"image\":{\"@type\":\"ImageObject\",\"@id\":\"https:\/\/valueproject.eu\/es\/#personlogo\",\"inLanguage\":\"es\",\"url\":\"https:\/\/secure.gravatar.com\/avatar\/146ce4b338f5dd738ad8ef2c9681840b?s=96&d=mm&r=g\",\"contentUrl\":\"https:\/\/secure.gravatar.com\/avatar\/146ce4b338f5dd738ad8ef2c9681840b?s=96&d=mm&r=g\",\"caption\":\"Gema Iba\u00f1ez\"},\"url\":\"https:\/\/valueproject.eu\/es\/author\/geibsan\/\"}]}<\/script>\n<!-- \/ Yoast SEO plugin. -->","yoast_head_json":{"title":"CASO DE USO: V\u00eda cl\u00ednicia en urgencias por infarto de miocardio &bull; VALUE Project","robots":{"index":"index","follow":"follow","max-snippet":"max-snippet:-1","max-image-preview":"max-image-preview:large","max-video-preview":"max-video-preview:-1"},"canonical":"https:\/\/valueproject.eu\/es\/caso-de-uso-via-clinicia-en-emergencias-por-infarto-de-miocardio\/","og_locale":"es_ES","og_type":"article","og_title":"CASO DE USO: V\u00eda cl\u00ednicia en urgencias por infarto de miocardio &bull; VALUE Project","og_description":"El caso de uso de atenci\u00f3n en emergencias del infarto de miocardio tiene como principal objetivo reducir el tiempo de reperfusi\u00f3n en las regiones de Portugal que m\u00e1s lo necesitan.","og_url":"https:\/\/valueproject.eu\/es\/caso-de-uso-via-clinicia-en-emergencias-por-infarto-de-miocardio\/","og_site_name":"VALUE Project","article_publisher":"https:\/\/www.facebook.com\/pg\/ValueEITHealth","article_published_time":"2021-01-20T11:34:12+00:00","article_modified_time":"2021-01-25T21:53:41+00:00","og_image":[{"width":1920,"height":1080,"url":"https:\/\/i0.wp.com\/valueproject.eu\/wp-content\/uploads\/2020\/09\/heart-1767552_1920.jpg?fit=1920%2C1080&ssl=1","type":"image\/jpeg"}],"twitter_card":"summary_large_image","twitter_creator":"@ValueEIT","twitter_site":"@ValueEIT","twitter_misc":{"Escrito por":"Gema Iba\u00f1ez","Tiempo de lectura":"1 minuto"},"schema":{"@context":"https:\/\/schema.org","@graph":[{"@type":"Organization","@id":"https:\/\/valueproject.eu\/es\/#organization","name":"Value Project","url":"https:\/\/valueproject.eu\/es\/","sameAs":["https:\/\/www.facebook.com\/pg\/ValueEITHealth","https:\/\/www.youtube.com\/channel\/UC03FCjDIwMj5va7_Tm6_81Q","https:\/\/twitter.com\/ValueEIT"],"logo":{"@type":"ImageObject","@id":"https:\/\/valueproject.eu\/es\/#logo","inLanguage":"es","url":"https:\/\/i0.wp.com\/valueproject.eu\/wp-content\/uploads\/2020\/03\/logoValue003_01_.png?fit=2117%2C705&ssl=1","contentUrl":"https:\/\/i0.wp.com\/valueproject.eu\/wp-content\/uploads\/2020\/03\/logoValue003_01_.png?fit=2117%2C705&ssl=1","width":2117,"height":705,"caption":"Value Project"},"image":{"@id":"https:\/\/valueproject.eu\/es\/#logo"}},{"@type":"WebSite","@id":"https:\/\/valueproject.eu\/es\/#website","url":"https:\/\/valueproject.eu\/es\/","name":"VALUE Project","description":"Value based healthcare supported by process mining tools","publisher":{"@id":"https:\/\/valueproject.eu\/es\/#organization"},"potentialAction":[{"@type":"SearchAction","target":{"@type":"EntryPoint","urlTemplate":"https:\/\/valueproject.eu\/es\/?s={search_term_string}"},"query-input":"required name=search_term_string"}],"inLanguage":"es"},{"@type":"ImageObject","@id":"https:\/\/valueproject.eu\/es\/caso-de-uso-via-clinicia-en-emergencias-por-infarto-de-miocardio\/#primaryimage","inLanguage":"es","url":"https:\/\/i0.wp.com\/valueproject.eu\/wp-content\/uploads\/2020\/09\/heart-1767552_1920.jpg?fit=1920%2C1080&ssl=1","contentUrl":"https:\/\/i0.wp.com\/valueproject.eu\/wp-content\/uploads\/2020\/09\/heart-1767552_1920.jpg?fit=1920%2C1080&ssl=1","width":1920,"height":1080},{"@type":"WebPage","@id":"https:\/\/valueproject.eu\/es\/caso-de-uso-via-clinicia-en-emergencias-por-infarto-de-miocardio\/#webpage","url":"https:\/\/valueproject.eu\/es\/caso-de-uso-via-clinicia-en-emergencias-por-infarto-de-miocardio\/","name":"CASO DE USO: V\u00eda cl\u00ednicia en urgencias por infarto de miocardio &bull; VALUE Project","isPartOf":{"@id":"https:\/\/valueproject.eu\/es\/#website"},"primaryImageOfPage":{"@id":"https:\/\/valueproject.eu\/es\/caso-de-uso-via-clinicia-en-emergencias-por-infarto-de-miocardio\/#primaryimage"},"datePublished":"2021-01-20T11:34:12+00:00","dateModified":"2021-01-25T21:53:41+00:00","breadcrumb":{"@id":"https:\/\/valueproject.eu\/es\/caso-de-uso-via-clinicia-en-emergencias-por-infarto-de-miocardio\/#breadcrumb"},"inLanguage":"es","potentialAction":[{"@type":"ReadAction","target":["https:\/\/valueproject.eu\/es\/caso-de-uso-via-clinicia-en-emergencias-por-infarto-de-miocardio\/"]}]},{"@type":"BreadcrumbList","@id":"https:\/\/valueproject.eu\/es\/caso-de-uso-via-clinicia-en-emergencias-por-infarto-de-miocardio\/#breadcrumb","itemListElement":[{"@type":"ListItem","position":1,"name":"Portada","item":"https:\/\/valueproject.eu\/es\/"},{"@type":"ListItem","position":2,"name":"CASO DE USO: V\u00eda cl\u00ednicia en urgencias por infarto de miocardio"}]},{"@type":"Article","@id":"https:\/\/valueproject.eu\/es\/caso-de-uso-via-clinicia-en-emergencias-por-infarto-de-miocardio\/#article","isPartOf":{"@id":"https:\/\/valueproject.eu\/es\/caso-de-uso-via-clinicia-en-emergencias-por-infarto-de-miocardio\/#webpage"},"author":{"@id":"https:\/\/valueproject.eu\/es\/#\/schema\/person\/56bbfb0f907276b0749efc8263472343"},"headline":"CASO DE USO: V\u00eda cl\u00ednicia en urgencias por infarto de miocardio","datePublished":"2021-01-20T11:34:12+00:00","dateModified":"2021-01-25T21:53:41+00:00","mainEntityOfPage":{"@id":"https:\/\/valueproject.eu\/es\/caso-de-uso-via-clinicia-en-emergencias-por-infarto-de-miocardio\/#webpage"},"wordCount":213,"commentCount":0,"publisher":{"@id":"https:\/\/valueproject.eu\/es\/#organization"},"image":{"@id":"https:\/\/valueproject.eu\/es\/caso-de-uso-via-clinicia-en-emergencias-por-infarto-de-miocardio\/#primaryimage"},"thumbnailUrl":"https:\/\/i0.wp.com\/valueproject.eu\/wp-content\/uploads\/2020\/09\/heart-1767552_1920.jpg?fit=1920%2C1080&ssl=1","keywords":["Atenci\u00f3n en emergencias","Centro Hospitalar e Universit\u00e1rio de Coimbra","CHUC","Cuidado de la salud","Infarto de miocardio","Miner\u00eda de Procesos","VALUE","VBHC"],"articleSection":["Caso de uso"],"inLanguage":"es","potentialAction":[{"@type":"CommentAction","name":"Comment","target":["https:\/\/valueproject.eu\/es\/caso-de-uso-via-clinicia-en-emergencias-por-infarto-de-miocardio\/#respond"]}]},{"@type":"Person","@id":"https:\/\/valueproject.eu\/es\/#\/schema\/person\/56bbfb0f907276b0749efc8263472343","name":"Gema Iba\u00f1ez","image":{"@type":"ImageObject","@id":"https:\/\/valueproject.eu\/es\/#personlogo","inLanguage":"es","url":"https:\/\/secure.gravatar.com\/avatar\/146ce4b338f5dd738ad8ef2c9681840b?s=96&d=mm&r=g","contentUrl":"https:\/\/secure.gravatar.com\/avatar\/146ce4b338f5dd738ad8ef2c9681840b?s=96&d=mm&r=g","caption":"Gema Iba\u00f1ez"},"url":"https:\/\/valueproject.eu\/es\/author\/geibsan\/"}]}},"jetpack_sharing_enabled":true,"jetpack_featured_media_url":"https:\/\/i0.wp.com\/valueproject.eu\/wp-content\/uploads\/2020\/09\/heart-1767552_1920.jpg?fit=1920%2C1080&ssl=1","_links":{"self":[{"href":"https:\/\/valueproject.eu\/es\/wp-json\/wp\/v2\/posts\/1429"}],"collection":[{"href":"https:\/\/valueproject.eu\/es\/wp-json\/wp\/v2\/posts"}],"about":[{"href":"https:\/\/valueproject.eu\/es\/wp-json\/wp\/v2\/types\/post"}],"author":[{"embeddable":true,"href":"https:\/\/valueproject.eu\/es\/wp-json\/wp\/v2\/users\/2"}],"replies":[{"embeddable":true,"href":"https:\/\/valueproject.eu\/es\/wp-json\/wp\/v2\/comments?post=1429"}],"version-history":[{"count":3,"href":"https:\/\/valueproject.eu\/es\/wp-json\/wp\/v2\/posts\/1429\/revisions"}],"predecessor-version":[{"id":1618,"href":"https:\/\/valueproject.eu\/es\/wp-json\/wp\/v2\/posts\/1429\/revisions\/1618"}],"wp:featuredmedia":[{"embeddable":true,"href":"https:\/\/valueproject.eu\/es\/wp-json\/wp\/v2\/media\/1054"}],"wp:attachment":[{"href":"https:\/\/valueproject.eu\/es\/wp-json\/wp\/v2\/media?parent=1429"}],"wp:term":[{"taxonomy":"category","embeddable":true,"href":"https:\/\/valueproject.eu\/es\/wp-json\/wp\/v2\/categories?post=1429"},{"taxonomy":"post_tag","embeddable":true,"href":"https:\/\/valueproject.eu\/es\/wp-json\/wp\/v2\/tags?post=1429"}],"curies":[{"name":"wp","href":"https:\/\/api.w.org\/{rel}","templated":true}]}}