{"id":1437,"date":"2021-01-20T11:48:05","date_gmt":"2021-01-20T11:48:05","guid":{"rendered":"https:\/\/valueproject.eu\/caso-de-uso-enfermedad-musculoesqueletica\/"},"modified":"2021-01-25T15:20:29","modified_gmt":"2021-01-25T15:20:29","slug":"caso-de-uso-enfermedad-musculoesqueletica","status":"publish","type":"post","link":"https:\/\/valueproject.eu\/es\/caso-de-uso-enfermedad-musculoesqueletica\/","title":{"rendered":"CASO DE USO: Enfermedad musculoesquel\u00e9tica"},"content":{"rendered":"\n<p>El Hospital Cl\u00ednico San Carlos del Servicio Madrile\u00f1o de Salud trabaja en el proceso asistencial de enfermedades musculoesquel\u00e9ticas. Un proceso con alta prevalencia, alta carga de enfermedades por discapacidad y cronicidad, en el que los pacientes siguen una v\u00eda cl\u00ednica fragmentada entre atenci\u00f3n primaria y la especializada. <\/p>\n\n\n\n<p>El caso de uso tiene como objetivo recopilar informaci\u00f3n cl\u00ednica y operativa a trav\u00e9s de la miner\u00eda de procesos interactiva para mejorar los siguientes aspectos, tareas y procesos<\/p>\n\n\n\n<ul><li>derivar el paciente a la atenci\u00f3n m\u00e1s adecuada en el momento correcto,<\/li><li>reducir bucles de cuidado innecesarios para el paciente,<\/li><li>eliminar redundancias entre las acciones de los profesionales de la salud,<\/li><li>planificar y asignar recursos de personal y<\/li><li>medir la calidad de la atenci\u00f3n y el impacto sobre la discapacidad. <\/li><\/ul>\n\n\n\n<figure class=\"wp-block-image size-large is-style-default\"><img fetchpriority=\"high\" decoding=\"async\" width=\"1024\" height=\"692\" src=\"https:\/\/i0.wp.com\/valueproject.eu\/wp-content\/uploads\/2020\/09\/human-skeleton-163715_1280-1.jpg?resize=1024%2C692&#038;ssl=1\" alt=\"\" class=\"wp-image-1025\" srcset=\"https:\/\/i0.wp.com\/valueproject.eu\/wp-content\/uploads\/2020\/09\/human-skeleton-163715_1280-1.jpg?resize=1024%2C692&amp;ssl=1 1024w, https:\/\/i0.wp.com\/valueproject.eu\/wp-content\/uploads\/2020\/09\/human-skeleton-163715_1280-1.jpg?resize=300%2C203&amp;ssl=1 300w, https:\/\/i0.wp.com\/valueproject.eu\/wp-content\/uploads\/2020\/09\/human-skeleton-163715_1280-1.jpg?resize=768%2C519&amp;ssl=1 768w, https:\/\/i0.wp.com\/valueproject.eu\/wp-content\/uploads\/2020\/09\/human-skeleton-163715_1280-1.jpg?resize=800%2C541&amp;ssl=1 800w, https:\/\/i0.wp.com\/valueproject.eu\/wp-content\/uploads\/2020\/09\/human-skeleton-163715_1280-1.jpg?w=1065&amp;ssl=1 1065w\" sizes=\"(max-width: 1000px) 100vw, 1000px\" data-recalc-dims=\"1\" \/><\/figure>\n","protected":false},"excerpt":{"rendered":"<p>Este caso de uso tiene como objetivo recopilar datos cl\u00ednicos y operacionales para mejorar la calidad de atenci\u00f3n mediante la reducci\u00f3n del tiempo de tratamiento y la optimizaci\u00f3n de recursos.<\/p>\n","protected":false},"author":2,"featured_media":1031,"comment_status":"open","ping_status":"open","sticky":false,"template":"","format":"standard","meta":{"_mi_skip_tracking":false,"footnotes":""},"categories":[49],"tags":[73,72,51,74,52,60],"yoast_head":"<!-- This site is optimized with the Yoast SEO plugin v18.6 - https:\/\/yoast.com\/wordpress\/plugins\/seo\/ -->\n<title>CASO DE USO: Enfermedad musculoesquel\u00e9tica &bull; VALUE Project<\/title>\n<meta name=\"description\" content=\"El caso de uso tiene como objetivo recopilar informaci\u00f3n cl\u00ednica y operativa para mejorar los siguientes aspectos, tareas y procesos\" \/>\n<meta name=\"robots\" content=\"index, follow, max-snippet:-1, max-image-preview:large, max-video-preview:-1\" \/>\n<link rel=\"canonical\" href=\"https:\/\/valueproject.eu\/es\/caso-de-uso-enfermedad-musculoesqueletica\/\" \/>\n<meta property=\"og:locale\" content=\"es_ES\" \/>\n<meta property=\"og:type\" content=\"article\" \/>\n<meta property=\"og:title\" content=\"CASO DE USO: Enfermedad musculoesquel\u00e9tica &bull; VALUE Project\" \/>\n<meta property=\"og:description\" content=\"El caso de uso tiene como objetivo recopilar informaci\u00f3n cl\u00ednica y operativa para mejorar los siguientes aspectos, tareas y procesos\" \/>\n<meta property=\"og:url\" content=\"https:\/\/valueproject.eu\/es\/caso-de-uso-enfermedad-musculoesqueletica\/\" \/>\n<meta property=\"og:site_name\" content=\"VALUE Project\" \/>\n<meta property=\"article:publisher\" content=\"https:\/\/www.facebook.com\/pg\/ValueEITHealth\" \/>\n<meta property=\"article:published_time\" content=\"2021-01-20T11:48:05+00:00\" \/>\n<meta property=\"article:modified_time\" content=\"2021-01-25T15:20:29+00:00\" \/>\n<meta property=\"og:image\" content=\"https:\/\/i0.wp.com\/valueproject.eu\/wp-content\/uploads\/2020\/09\/human-skeleton-163715_1280-2.jpg?fit=1065%2C720&#038;ssl=1\" \/>\n\t<meta property=\"og:image:width\" content=\"1065\" \/>\n\t<meta property=\"og:image:height\" content=\"720\" \/>\n\t<meta property=\"og:image:type\" content=\"image\/jpeg\" \/>\n<meta name=\"twitter:card\" content=\"summary_large_image\" \/>\n<meta name=\"twitter:creator\" content=\"@ValueEIT\" \/>\n<meta name=\"twitter:site\" content=\"@ValueEIT\" \/>\n<meta name=\"twitter:label1\" content=\"Escrito por\" \/>\n\t<meta name=\"twitter:data1\" content=\"Gema Iba\u00f1ez\" \/>\n\t<meta name=\"twitter:label2\" content=\"Tiempo de lectura\" \/>\n\t<meta name=\"twitter:data2\" content=\"1 minuto\" \/>\n<script type=\"application\/ld+json\" class=\"yoast-schema-graph\">{\"@context\":\"https:\/\/schema.org\",\"@graph\":[{\"@type\":\"Organization\",\"@id\":\"https:\/\/valueproject.eu\/es\/#organization\",\"name\":\"Value Project\",\"url\":\"https:\/\/valueproject.eu\/es\/\",\"sameAs\":[\"https:\/\/www.facebook.com\/pg\/ValueEITHealth\",\"https:\/\/www.youtube.com\/channel\/UC03FCjDIwMj5va7_Tm6_81Q\",\"https:\/\/twitter.com\/ValueEIT\"],\"logo\":{\"@type\":\"ImageObject\",\"@id\":\"https:\/\/valueproject.eu\/es\/#logo\",\"inLanguage\":\"es\",\"url\":\"https:\/\/i0.wp.com\/valueproject.eu\/wp-content\/uploads\/2020\/03\/logoValue003_01_.png?fit=2117%2C705&ssl=1\",\"contentUrl\":\"https:\/\/i0.wp.com\/valueproject.eu\/wp-content\/uploads\/2020\/03\/logoValue003_01_.png?fit=2117%2C705&ssl=1\",\"width\":2117,\"height\":705,\"caption\":\"Value Project\"},\"image\":{\"@id\":\"https:\/\/valueproject.eu\/es\/#logo\"}},{\"@type\":\"WebSite\",\"@id\":\"https:\/\/valueproject.eu\/es\/#website\",\"url\":\"https:\/\/valueproject.eu\/es\/\",\"name\":\"VALUE Project\",\"description\":\"Value based healthcare supported by process mining tools\",\"publisher\":{\"@id\":\"https:\/\/valueproject.eu\/es\/#organization\"},\"potentialAction\":[{\"@type\":\"SearchAction\",\"target\":{\"@type\":\"EntryPoint\",\"urlTemplate\":\"https:\/\/valueproject.eu\/es\/?s={search_term_string}\"},\"query-input\":\"required name=search_term_string\"}],\"inLanguage\":\"es\"},{\"@type\":\"ImageObject\",\"@id\":\"https:\/\/valueproject.eu\/es\/caso-de-uso-enfermedad-musculoesqueletica\/#primaryimage\",\"inLanguage\":\"es\",\"url\":\"https:\/\/i0.wp.com\/valueproject.eu\/wp-content\/uploads\/2020\/09\/human-skeleton-163715_1280-2.jpg?fit=1065%2C720&ssl=1\",\"contentUrl\":\"https:\/\/i0.wp.com\/valueproject.eu\/wp-content\/uploads\/2020\/09\/human-skeleton-163715_1280-2.jpg?fit=1065%2C720&ssl=1\",\"width\":1065,\"height\":720},{\"@type\":\"WebPage\",\"@id\":\"https:\/\/valueproject.eu\/es\/caso-de-uso-enfermedad-musculoesqueletica\/#webpage\",\"url\":\"https:\/\/valueproject.eu\/es\/caso-de-uso-enfermedad-musculoesqueletica\/\",\"name\":\"CASO DE USO: Enfermedad musculoesquel\u00e9tica &bull; VALUE Project\",\"isPartOf\":{\"@id\":\"https:\/\/valueproject.eu\/es\/#website\"},\"primaryImageOfPage\":{\"@id\":\"https:\/\/valueproject.eu\/es\/caso-de-uso-enfermedad-musculoesqueletica\/#primaryimage\"},\"datePublished\":\"2021-01-20T11:48:05+00:00\",\"dateModified\":\"2021-01-25T15:20:29+00:00\",\"description\":\"El caso de uso tiene como objetivo recopilar informaci\u00f3n cl\u00ednica y operativa para mejorar los siguientes aspectos, tareas y procesos\",\"breadcrumb\":{\"@id\":\"https:\/\/valueproject.eu\/es\/caso-de-uso-enfermedad-musculoesqueletica\/#breadcrumb\"},\"inLanguage\":\"es\",\"potentialAction\":[{\"@type\":\"ReadAction\",\"target\":[\"https:\/\/valueproject.eu\/es\/caso-de-uso-enfermedad-musculoesqueletica\/\"]}]},{\"@type\":\"BreadcrumbList\",\"@id\":\"https:\/\/valueproject.eu\/es\/caso-de-uso-enfermedad-musculoesqueletica\/#breadcrumb\",\"itemListElement\":[{\"@type\":\"ListItem\",\"position\":1,\"name\":\"Portada\",\"item\":\"https:\/\/valueproject.eu\/es\/\"},{\"@type\":\"ListItem\",\"position\":2,\"name\":\"CASO DE USO: Enfermedad musculoesquel\u00e9tica\"}]},{\"@type\":\"Article\",\"@id\":\"https:\/\/valueproject.eu\/es\/caso-de-uso-enfermedad-musculoesqueletica\/#article\",\"isPartOf\":{\"@id\":\"https:\/\/valueproject.eu\/es\/caso-de-uso-enfermedad-musculoesqueletica\/#webpage\"},\"author\":{\"@id\":\"https:\/\/valueproject.eu\/es\/#\/schema\/person\/56bbfb0f907276b0749efc8263472343\"},\"headline\":\"CASO DE USO: Enfermedad musculoesquel\u00e9tica\",\"datePublished\":\"2021-01-20T11:48:05+00:00\",\"dateModified\":\"2021-01-25T15:20:29+00:00\",\"mainEntityOfPage\":{\"@id\":\"https:\/\/valueproject.eu\/es\/caso-de-uso-enfermedad-musculoesqueletica\/#webpage\"},\"wordCount\":143,\"commentCount\":0,\"publisher\":{\"@id\":\"https:\/\/valueproject.eu\/es\/#organization\"},\"image\":{\"@id\":\"https:\/\/valueproject.eu\/es\/caso-de-uso-enfermedad-musculoesqueletica\/#primaryimage\"},\"thumbnailUrl\":\"https:\/\/i0.wp.com\/valueproject.eu\/wp-content\/uploads\/2020\/09\/human-skeleton-163715_1280-2.jpg?fit=1065%2C720&ssl=1\",\"keywords\":[\"Enfermedad musculoesquel\u00e9tica\",\"Hospital Cl\u00ednico San Carlos Madrid\",\"Miner\u00eda de Procesos\",\"SERMAS\",\"VALUE\",\"VBHC\"],\"articleSection\":[\"Caso de uso\"],\"inLanguage\":\"es\",\"potentialAction\":[{\"@type\":\"CommentAction\",\"name\":\"Comment\",\"target\":[\"https:\/\/valueproject.eu\/es\/caso-de-uso-enfermedad-musculoesqueletica\/#respond\"]}]},{\"@type\":\"Person\",\"@id\":\"https:\/\/valueproject.eu\/es\/#\/schema\/person\/56bbfb0f907276b0749efc8263472343\",\"name\":\"Gema Iba\u00f1ez\",\"image\":{\"@type\":\"ImageObject\",\"@id\":\"https:\/\/valueproject.eu\/es\/#personlogo\",\"inLanguage\":\"es\",\"url\":\"https:\/\/secure.gravatar.com\/avatar\/146ce4b338f5dd738ad8ef2c9681840b?s=96&d=mm&r=g\",\"contentUrl\":\"https:\/\/secure.gravatar.com\/avatar\/146ce4b338f5dd738ad8ef2c9681840b?s=96&d=mm&r=g\",\"caption\":\"Gema Iba\u00f1ez\"},\"url\":\"https:\/\/valueproject.eu\/es\/author\/geibsan\/\"}]}<\/script>\n<!-- \/ Yoast SEO plugin. -->","yoast_head_json":{"title":"CASO DE USO: Enfermedad musculoesquel\u00e9tica &bull; VALUE Project","description":"El caso de uso tiene como objetivo recopilar informaci\u00f3n cl\u00ednica y operativa para mejorar los siguientes aspectos, tareas y procesos","robots":{"index":"index","follow":"follow","max-snippet":"max-snippet:-1","max-image-preview":"max-image-preview:large","max-video-preview":"max-video-preview:-1"},"canonical":"https:\/\/valueproject.eu\/es\/caso-de-uso-enfermedad-musculoesqueletica\/","og_locale":"es_ES","og_type":"article","og_title":"CASO DE USO: Enfermedad musculoesquel\u00e9tica &bull; VALUE Project","og_description":"El caso de uso tiene como objetivo recopilar informaci\u00f3n cl\u00ednica y operativa para mejorar los siguientes aspectos, tareas y procesos","og_url":"https:\/\/valueproject.eu\/es\/caso-de-uso-enfermedad-musculoesqueletica\/","og_site_name":"VALUE Project","article_publisher":"https:\/\/www.facebook.com\/pg\/ValueEITHealth","article_published_time":"2021-01-20T11:48:05+00:00","article_modified_time":"2021-01-25T15:20:29+00:00","og_image":[{"width":1065,"height":720,"url":"https:\/\/i0.wp.com\/valueproject.eu\/wp-content\/uploads\/2020\/09\/human-skeleton-163715_1280-2.jpg?fit=1065%2C720&ssl=1","type":"image\/jpeg"}],"twitter_card":"summary_large_image","twitter_creator":"@ValueEIT","twitter_site":"@ValueEIT","twitter_misc":{"Escrito por":"Gema Iba\u00f1ez","Tiempo de lectura":"1 minuto"},"schema":{"@context":"https:\/\/schema.org","@graph":[{"@type":"Organization","@id":"https:\/\/valueproject.eu\/es\/#organization","name":"Value Project","url":"https:\/\/valueproject.eu\/es\/","sameAs":["https:\/\/www.facebook.com\/pg\/ValueEITHealth","https:\/\/www.youtube.com\/channel\/UC03FCjDIwMj5va7_Tm6_81Q","https:\/\/twitter.com\/ValueEIT"],"logo":{"@type":"ImageObject","@id":"https:\/\/valueproject.eu\/es\/#logo","inLanguage":"es","url":"https:\/\/i0.wp.com\/valueproject.eu\/wp-content\/uploads\/2020\/03\/logoValue003_01_.png?fit=2117%2C705&ssl=1","contentUrl":"https:\/\/i0.wp.com\/valueproject.eu\/wp-content\/uploads\/2020\/03\/logoValue003_01_.png?fit=2117%2C705&ssl=1","width":2117,"height":705,"caption":"Value Project"},"image":{"@id":"https:\/\/valueproject.eu\/es\/#logo"}},{"@type":"WebSite","@id":"https:\/\/valueproject.eu\/es\/#website","url":"https:\/\/valueproject.eu\/es\/","name":"VALUE Project","description":"Value based healthcare supported by process mining tools","publisher":{"@id":"https:\/\/valueproject.eu\/es\/#organization"},"potentialAction":[{"@type":"SearchAction","target":{"@type":"EntryPoint","urlTemplate":"https:\/\/valueproject.eu\/es\/?s={search_term_string}"},"query-input":"required name=search_term_string"}],"inLanguage":"es"},{"@type":"ImageObject","@id":"https:\/\/valueproject.eu\/es\/caso-de-uso-enfermedad-musculoesqueletica\/#primaryimage","inLanguage":"es","url":"https:\/\/i0.wp.com\/valueproject.eu\/wp-content\/uploads\/2020\/09\/human-skeleton-163715_1280-2.jpg?fit=1065%2C720&ssl=1","contentUrl":"https:\/\/i0.wp.com\/valueproject.eu\/wp-content\/uploads\/2020\/09\/human-skeleton-163715_1280-2.jpg?fit=1065%2C720&ssl=1","width":1065,"height":720},{"@type":"WebPage","@id":"https:\/\/valueproject.eu\/es\/caso-de-uso-enfermedad-musculoesqueletica\/#webpage","url":"https:\/\/valueproject.eu\/es\/caso-de-uso-enfermedad-musculoesqueletica\/","name":"CASO DE USO: Enfermedad musculoesquel\u00e9tica &bull; VALUE Project","isPartOf":{"@id":"https:\/\/valueproject.eu\/es\/#website"},"primaryImageOfPage":{"@id":"https:\/\/valueproject.eu\/es\/caso-de-uso-enfermedad-musculoesqueletica\/#primaryimage"},"datePublished":"2021-01-20T11:48:05+00:00","dateModified":"2021-01-25T15:20:29+00:00","description":"El caso de uso tiene como objetivo recopilar informaci\u00f3n cl\u00ednica y operativa para mejorar los siguientes aspectos, tareas y procesos","breadcrumb":{"@id":"https:\/\/valueproject.eu\/es\/caso-de-uso-enfermedad-musculoesqueletica\/#breadcrumb"},"inLanguage":"es","potentialAction":[{"@type":"ReadAction","target":["https:\/\/valueproject.eu\/es\/caso-de-uso-enfermedad-musculoesqueletica\/"]}]},{"@type":"BreadcrumbList","@id":"https:\/\/valueproject.eu\/es\/caso-de-uso-enfermedad-musculoesqueletica\/#breadcrumb","itemListElement":[{"@type":"ListItem","position":1,"name":"Portada","item":"https:\/\/valueproject.eu\/es\/"},{"@type":"ListItem","position":2,"name":"CASO DE USO: Enfermedad musculoesquel\u00e9tica"}]},{"@type":"Article","@id":"https:\/\/valueproject.eu\/es\/caso-de-uso-enfermedad-musculoesqueletica\/#article","isPartOf":{"@id":"https:\/\/valueproject.eu\/es\/caso-de-uso-enfermedad-musculoesqueletica\/#webpage"},"author":{"@id":"https:\/\/valueproject.eu\/es\/#\/schema\/person\/56bbfb0f907276b0749efc8263472343"},"headline":"CASO DE USO: Enfermedad musculoesquel\u00e9tica","datePublished":"2021-01-20T11:48:05+00:00","dateModified":"2021-01-25T15:20:29+00:00","mainEntityOfPage":{"@id":"https:\/\/valueproject.eu\/es\/caso-de-uso-enfermedad-musculoesqueletica\/#webpage"},"wordCount":143,"commentCount":0,"publisher":{"@id":"https:\/\/valueproject.eu\/es\/#organization"},"image":{"@id":"https:\/\/valueproject.eu\/es\/caso-de-uso-enfermedad-musculoesqueletica\/#primaryimage"},"thumbnailUrl":"https:\/\/i0.wp.com\/valueproject.eu\/wp-content\/uploads\/2020\/09\/human-skeleton-163715_1280-2.jpg?fit=1065%2C720&ssl=1","keywords":["Enfermedad musculoesquel\u00e9tica","Hospital Cl\u00ednico San Carlos Madrid","Miner\u00eda de Procesos","SERMAS","VALUE","VBHC"],"articleSection":["Caso de uso"],"inLanguage":"es","potentialAction":[{"@type":"CommentAction","name":"Comment","target":["https:\/\/valueproject.eu\/es\/caso-de-uso-enfermedad-musculoesqueletica\/#respond"]}]},{"@type":"Person","@id":"https:\/\/valueproject.eu\/es\/#\/schema\/person\/56bbfb0f907276b0749efc8263472343","name":"Gema Iba\u00f1ez","image":{"@type":"ImageObject","@id":"https:\/\/valueproject.eu\/es\/#personlogo","inLanguage":"es","url":"https:\/\/secure.gravatar.com\/avatar\/146ce4b338f5dd738ad8ef2c9681840b?s=96&d=mm&r=g","contentUrl":"https:\/\/secure.gravatar.com\/avatar\/146ce4b338f5dd738ad8ef2c9681840b?s=96&d=mm&r=g","caption":"Gema Iba\u00f1ez"},"url":"https:\/\/valueproject.eu\/es\/author\/geibsan\/"}]}},"jetpack_sharing_enabled":true,"jetpack_featured_media_url":"https:\/\/i0.wp.com\/valueproject.eu\/wp-content\/uploads\/2020\/09\/human-skeleton-163715_1280-2.jpg?fit=1065%2C720&ssl=1","_links":{"self":[{"href":"https:\/\/valueproject.eu\/es\/wp-json\/wp\/v2\/posts\/1437"}],"collection":[{"href":"https:\/\/valueproject.eu\/es\/wp-json\/wp\/v2\/posts"}],"about":[{"href":"https:\/\/valueproject.eu\/es\/wp-json\/wp\/v2\/types\/post"}],"author":[{"embeddable":true,"href":"https:\/\/valueproject.eu\/es\/wp-json\/wp\/v2\/users\/2"}],"replies":[{"embeddable":true,"href":"https:\/\/valueproject.eu\/es\/wp-json\/wp\/v2\/comments?post=1437"}],"version-history":[{"count":2,"href":"https:\/\/valueproject.eu\/es\/wp-json\/wp\/v2\/posts\/1437\/revisions"}],"predecessor-version":[{"id":1585,"href":"https:\/\/valueproject.eu\/es\/wp-json\/wp\/v2\/posts\/1437\/revisions\/1585"}],"wp:featuredmedia":[{"embeddable":true,"href":"https:\/\/valueproject.eu\/es\/wp-json\/wp\/v2\/media\/1031"}],"wp:attachment":[{"href":"https:\/\/valueproject.eu\/es\/wp-json\/wp\/v2\/media?parent=1437"}],"wp:term":[{"taxonomy":"category","embeddable":true,"href":"https:\/\/valueproject.eu\/es\/wp-json\/wp\/v2\/categories?post=1437"},{"taxonomy":"post_tag","embeddable":true,"href":"https:\/\/valueproject.eu\/es\/wp-json\/wp\/v2\/tags?post=1437"}],"curies":[{"name":"wp","href":"https:\/\/api.w.org\/{rel}","templated":true}]}}